{"id":8450,"date":"2026-05-02T17:06:48","date_gmt":"2026-05-02T21:06:48","guid":{"rendered":"https:\/\/diarionews.com.br\/?p=8450"},"modified":"2026-05-02T17:06:51","modified_gmt":"2026-05-02T21:06:51","slug":"prefeitura-de-sinop-decreta-luto-de-3-dias-pela-morte-do-presidente-da-camara-municipal-remidio-kuntz","status":"publish","type":"post","link":"https:\/\/diarionews.com.br\/?p=8450","title":{"rendered":"Prefeitura de Sinop decreta luto de 3 dias pela morte do presidente da C\u00e2mara Municipal, Rem\u00eddio Kuntz"},"content":{"rendered":"\n<p>A cidade de Sinop est\u00e1 de luto ap\u00f3s a morte do presidente da C\u00e2mara Municipal, o vereador Rem\u00eddio Kuntz (Republicanos), em um acidente de tr\u00e2nsito na BR-163. O acidente ocorreu na manh\u00e3 de sexta-feira (1\u00ba), feriado do Dia do Trabalhador, e causou grande como\u00e7\u00e3o na regi\u00e3o norte de Mato Grosso.<\/p>\n\n\n\n<p>De acordo com as primeiras informa\u00e7\u00f5es, Rem\u00eddio seguia sozinho em seu ve\u00edculo quando colidiu com outro carro pr\u00f3ximo ao Camping Club, a cerca de 30 quil\u00f4metros do centro de Sinop, no sentido Ita\u00faba. Ele n\u00e3o resistiu aos ferimentos e morreu no local. As causas exatas do acidente ainda est\u00e3o sendo apuradas pelas autoridades competentes.<\/p>\n\n\n\n<p>A Prefeitura de Sinop decretou luto oficial de tr\u00eas dias em respeito \u00e0 trajet\u00f3ria do parlamentar. Em nota, o prefeito lamentou profundamente a perda, descrevendo Rem\u00eddio como \u201cmais do que um grande pol\u00edtico, um amigo querido\u201d que sempre atuou com compromisso e seriedade pelo desenvolvimento do munic\u00edpio.<\/p>\n\n\n\n<p>A C\u00e2mara Municipal tamb\u00e9m decretou luto e suspendeu as atividades em sinal de pesar. Deputados estaduais e federais, al\u00e9m de diversas autoridades, manifestaram solidariedade \u00e0 fam\u00edlia e destacaram o legado deixado por Kuntz, que estava em seu quarto mandato como vereador e exercia a presid\u00eancia da Casa Legislativa com equil\u00edbrio entre os poderes.<\/p>\n\n\n\n<p>Rem\u00eddio Kuntz era reconhecido pela simplicidade, acessibilidade e dedica\u00e7\u00e3o ao servi\u00e7o p\u00fablico. Seu falecimento repentino deixa um vazio na pol\u00edtica sinopense, conforme destacado por colegas e lideran\u00e7as locais.<\/p>\n\n\n\n<p>O corpo do presidente da C\u00e2mara deve ser velado em Sinop, onde amigos, familiares e a popula\u00e7\u00e3o prestam as \u00faltimas homenagens.<\/p>\n","protected":false},"excerpt":{"rendered":"<p>A cidade de Sinop est\u00e1 de luto ap\u00f3s a morte do presidente da C\u00e2mara Municipal, o vereador Rem\u00eddio Kuntz (Republicanos), em um acidente de tr\u00e2nsito na BR-163. O acidente ocorreu na manh\u00e3 de sexta-feira (1\u00ba), feriado do Dia do Trabalhador, e causou grande como\u00e7\u00e3o na regi\u00e3o norte de Mato Grosso. De acordo com as primeiras [&hellip;]<\/p>\n","protected":false},"author":1,"featured_media":8451,"comment_status":"open","ping_status":"open","sticky":false,"template":"","format":"standard","meta":{"footnotes":""},"categories":[21],"tags":[956],"class_list":["post-8450","post","type-post","status-publish","format-standard","has-post-thumbnail","hentry","category-regiao","tag-importante"],"_links":{"self":[{"href":"https:\/\/diarionews.com.br\/index.php?rest_route=\/wp\/v2\/posts\/8450","targetHints":{"allow":["GET"]}}],"collection":[{"href":"https:\/\/diarionews.com.br\/index.php?rest_route=\/wp\/v2\/posts"}],"about":[{"href":"https:\/\/diarionews.com.br\/index.php?rest_route=\/wp\/v2\/types\/post"}],"author":[{"embeddable":true,"href":"https:\/\/diarionews.com.br\/index.php?rest_route=\/wp\/v2\/users\/1"}],"replies":[{"embeddable":true,"href":"https:\/\/diarionews.com.br\/index.php?rest_route=%2Fwp%2Fv2%2Fcomments&post=8450"}],"version-history":[{"count":1,"href":"https:\/\/diarionews.com.br\/index.php?rest_route=\/wp\/v2\/posts\/8450\/revisions"}],"predecessor-version":[{"id":8452,"href":"https:\/\/diarionews.com.br\/index.php?rest_route=\/wp\/v2\/posts\/8450\/revisions\/8452"}],"wp:featuredmedia":[{"embeddable":true,"href":"https:\/\/diarionews.com.br\/index.php?rest_route=\/wp\/v2\/media\/8451"}],"wp:attachment":[{"href":"https:\/\/diarionews.com.br\/index.php?rest_route=%2Fwp%2Fv2%2Fmedia&parent=8450"}],"wp:term":[{"taxonomy":"category","embeddable":true,"href":"https:\/\/diarionews.com.br\/index.php?rest_route=%2Fwp%2Fv2%2Fcategories&post=8450"},{"taxonomy":"post_tag","embeddable":true,"href":"https:\/\/diarionews.com.br\/index.php?rest_route=%2Fwp%2Fv2%2Ftags&post=8450"}],"curies":[{"name":"wp","href":"https:\/\/api.w.org\/{rel}","templated":true}]}}