{"id":8416,"date":"2026-05-02T06:43:37","date_gmt":"2026-05-02T10:43:37","guid":{"rendered":"https:\/\/diarionews.com.br\/?p=8416"},"modified":"2026-05-02T06:43:38","modified_gmt":"2026-05-02T10:43:38","slug":"tecnica-de-enfermagem-acusa-senador-magno-malta-de-agressao-durante-exame-em-hospital-de-brasilia","status":"publish","type":"post","link":"https:\/\/diarionews.com.br\/?p=8416","title":{"rendered":"T\u00e9cnica de enfermagem acusa senador Magno Malta de agress\u00e3o durante exame em hospital de Bras\u00edlia"},"content":{"rendered":"\n<p>Uma t\u00e9cnica de radiologia\/enfermagem do Hospital DF Star registrou boletim de ocorr\u00eancia na Pol\u00edcia Civil do Distrito Federal (PCDF) acusando o senador Magno Malta (PL-ES) de agress\u00e3o f\u00edsica e verbal. O incidente teria ocorrido na quinta-feira (30 de abril), durante a realiza\u00e7\u00e3o de um exame de angiotomografia.<\/p>\n\n\n\n<p><strong>Vers\u00e3o da v\u00edtima<\/strong><\/p>\n\n\n\n<p>De acordo com o boletim de ocorr\u00eancia, a profissional conduziu o senador at\u00e9 a sala de exame, realizou a monitoriza\u00e7\u00e3o e iniciou o procedimento com soro para acesso venoso. Ao injetar o contraste, a bomba identificou oclus\u00e3o e press\u00e3o, interrompendo o exame. A t\u00e9cnica constatou extravasamento do contraste no bra\u00e7o do paciente.<\/p>\n\n\n\n<p>Ao informar que precisaria fazer compress\u00e3o no local afetado, Malta teria se levantado. Quando ela se aproximou para ajudar, ele desferiu um tapa forte no rosto dela, entortando seus \u00f3culos e causando dor e vermelhid\u00e3o. Ainda segundo o depoimento, o senador a xingou de \u201cimunda\u201d e \u201cincompetente\u201d. A t\u00e9cnica saiu da sala imediatamente, chamou enfermeira e m\u00e9dico, mas o atendimento foi recusado pelo parlamentar. Ela relatou medo de novo encontro com o agressor.<\/p>\n\n\n\n<p>O BO foi registrado na delegacia virtual e presencial na \u00e1rea central de Bras\u00edlia, com carimbo do Instituto M\u00e9dico Legal.<\/p>\n\n\n\n<p><strong>Posi\u00e7\u00e3o de Magno Malta<\/strong><\/p>\n\n\n\n<p>Em nota, o senador nega a agress\u00e3o. Ele afirma que houve \u201cfalha t\u00e9cnica\u201d da profissional, que teria ignorado seus alertas sobre dores intensas durante o procedimento. Malta disse ter deixado a sala sozinho ap\u00f3s o ocorrido.<\/p>\n\n\n\n<p>Em nota mais detalhada da assessoria jur\u00eddica, ele repudiou a narrativa da t\u00e9cnica, classificando-a como \u201cnarrativa forjada\u201d para se defender de erro t\u00e9cnico. A defesa menciona que Malta est\u00e1 internado com investiga\u00e7\u00e3o de causas neurol\u00f3gicas e cardiovasculares (incluindo suspeita de Acidente Isqu\u00eamico Transit\u00f3rio), hist\u00f3rico de c\u00e2ncer e sob forte medica\u00e7\u00e3o, o que afetaria sua cogni\u00e7\u00e3o e toler\u00e2ncia \u00e0 dor. Eles afirmam que o extravasamento causou trombose e hematoma graves, e que qualquer rea\u00e7\u00e3o foi ao sofrimento f\u00edsico, n\u00e3o \u00e0 pessoa. A defesa analisa medidas judiciais, como a\u00e7\u00e3o por danos morais e not\u00edcia-crime por falsa comunica\u00e7\u00e3o de crime.<\/p>\n\n\n\n<p><strong>Posi\u00e7\u00e3o do hospital e entidades<\/strong><\/p>\n\n\n\n<p>O Hospital DF Star informou que abriu apura\u00e7\u00e3o administrativa sobre o caso e est\u00e1 dando \u201ctodo o suporte \u00e0 colaboradora que relatou ter sido v\u00edtima de agress\u00e3o\u201d. A unidade se colocou \u00e0 disposi\u00e7\u00e3o das autoridades para esclarecimentos.<\/p>\n\n\n\n<p>O Conselho Regional de Enfermagem do Distrito Federal (Coren-DF) repudiou o epis\u00f3dio e disse acompanhar o caso, oferecendo suporte \u00e0 profissional. \u201cNenhuma posi\u00e7\u00e3o ou condi\u00e7\u00e3o autoriza agress\u00f5es\u201d, destacou.<\/p>\n\n\n\n<p><strong>Contexto<\/strong><\/p>\n\n\n\n<p>Magno Malta foi internado ap\u00f3s passar mal (press\u00e3o baixa) ao chegar ao Congresso Nacional para sess\u00e3o que derrubou veto ao PL da Dosimetria. Ele chegou a publicar v\u00eddeo dizendo que estava bem e em recupera\u00e7\u00e3o.<\/p>\n\n\n\n<p>O caso segue em investiga\u00e7\u00e3o pela PCDF. N\u00e3o h\u00e1 informa\u00e7\u00f5es sobre indiciamento ou outras medidas at\u00e9 o momento.<\/p>\n","protected":false},"excerpt":{"rendered":"<p>Uma t\u00e9cnica de radiologia\/enfermagem do Hospital DF Star registrou boletim de ocorr\u00eancia na Pol\u00edcia Civil do Distrito Federal (PCDF) acusando o senador Magno Malta (PL-ES) de agress\u00e3o f\u00edsica e verbal. O incidente teria ocorrido na quinta-feira (30 de abril), durante a realiza\u00e7\u00e3o de um exame de angiotomografia. Vers\u00e3o da v\u00edtima De acordo com o boletim [&hellip;]<\/p>\n","protected":false},"author":3,"featured_media":8417,"comment_status":"open","ping_status":"open","sticky":false,"template":"","format":"standard","meta":{"footnotes":""},"categories":[12],"tags":[956],"class_list":["post-8416","post","type-post","status-publish","format-standard","has-post-thumbnail","hentry","category-nacionais","tag-importante"],"_links":{"self":[{"href":"https:\/\/diarionews.com.br\/index.php?rest_route=\/wp\/v2\/posts\/8416","targetHints":{"allow":["GET"]}}],"collection":[{"href":"https:\/\/diarionews.com.br\/index.php?rest_route=\/wp\/v2\/posts"}],"about":[{"href":"https:\/\/diarionews.com.br\/index.php?rest_route=\/wp\/v2\/types\/post"}],"author":[{"embeddable":true,"href":"https:\/\/diarionews.com.br\/index.php?rest_route=\/wp\/v2\/users\/3"}],"replies":[{"embeddable":true,"href":"https:\/\/diarionews.com.br\/index.php?rest_route=%2Fwp%2Fv2%2Fcomments&post=8416"}],"version-history":[{"count":1,"href":"https:\/\/diarionews.com.br\/index.php?rest_route=\/wp\/v2\/posts\/8416\/revisions"}],"predecessor-version":[{"id":8418,"href":"https:\/\/diarionews.com.br\/index.php?rest_route=\/wp\/v2\/posts\/8416\/revisions\/8418"}],"wp:featuredmedia":[{"embeddable":true,"href":"https:\/\/diarionews.com.br\/index.php?rest_route=\/wp\/v2\/media\/8417"}],"wp:attachment":[{"href":"https:\/\/diarionews.com.br\/index.php?rest_route=%2Fwp%2Fv2%2Fmedia&parent=8416"}],"wp:term":[{"taxonomy":"category","embeddable":true,"href":"https:\/\/diarionews.com.br\/index.php?rest_route=%2Fwp%2Fv2%2Fcategories&post=8416"},{"taxonomy":"post_tag","embeddable":true,"href":"https:\/\/diarionews.com.br\/index.php?rest_route=%2Fwp%2Fv2%2Ftags&post=8416"}],"curies":[{"name":"wp","href":"https:\/\/api.w.org\/{rel}","templated":true}]}}