{"id":8403,"date":"2026-05-01T05:51:54","date_gmt":"2026-05-01T09:51:54","guid":{"rendered":"https:\/\/diarionews.com.br\/?p=8403"},"modified":"2026-05-01T05:51:56","modified_gmt":"2026-05-01T09:51:56","slug":"tempestades-com-granizo-e-ventos-de-ate-100-km-h-colocam-rs-em-alerta","status":"publish","type":"post","link":"https:\/\/diarionews.com.br\/?p=8403","title":{"rendered":"Tempestades com granizo e ventos de at\u00e9 100 km\/h colocam RS em alerta"},"content":{"rendered":"\n<p>O Rio Grande do Sul est\u00e1 sob alerta para tempestades severas emitido pelo Instituto Nacional de Meteorologia (Inmet), com previs\u00e3o de chuva intensa, rajadas de vento e possibilidade de granizo em diversas regi\u00f5es do estado. Os avisos indicam um cen\u00e1rio de instabilidade que pode provocar transtornos significativos, atingindo desde \u00e1reas urbanas at\u00e9 zonas rurais. <\/p>\n\n\n\n<p>De acordo com o Inmet, h\u00e1 diferentes n\u00edveis de alerta em vigor, incluindo classifica\u00e7\u00f5es de perigo e perigo potencial. Nas \u00e1reas mais afetadas, a previs\u00e3o aponta para volumes de chuva entre 30 e 60 mil\u00edmetros por hora ou at\u00e9 100 mil\u00edmetros por dia, acompanhados de ventos intensos que podem variar entre 60 e 100 km\/h, al\u00e9m da possibilidade de queda de granizo.<\/p>\n\n\n\n<p>O cen\u00e1rio meteorol\u00f3gico eleva o risco de impactos diretos na rotina da popula\u00e7\u00e3o. Entre os principais problemas previstos est\u00e3o alagamentos, queda de \u00e1rvores, danos \u00e0 rede el\u00e9trica e preju\u00edzos em planta\u00e7\u00f5es. Tamb\u00e9m h\u00e1 possibilidade de interrup\u00e7\u00e3o no fornecimento de energia el\u00e9trica e transtornos no transporte, especialmente em regi\u00f5es mais atingidas pelas tempestades.<\/p>\n\n\n\n<p>Diante da situa\u00e7\u00e3o, \u00f3rg\u00e3os de monitoramento recomendam medidas de precau\u00e7\u00e3o, como evitar abrigo sob \u00e1rvores durante rajadas de vento, n\u00e3o estacionar ve\u00edculos pr\u00f3ximos a estruturas vulner\u00e1veis e desligar aparelhos el\u00e9tricos em caso de instabilidade mais intensa. Em situa\u00e7\u00f5es de emerg\u00eancia, a orienta\u00e7\u00e3o \u00e9 acionar a Defesa Civil pelo telefone 199 ou o Corpo de Bombeiros pelo 193. <\/p>\n","protected":false},"excerpt":{"rendered":"<p>O Rio Grande do Sul est\u00e1 sob alerta para tempestades severas emitido pelo Instituto Nacional de Meteorologia (Inmet), com previs\u00e3o de chuva intensa, rajadas de vento e possibilidade de granizo em diversas regi\u00f5es do estado. Os avisos indicam um cen\u00e1rio de instabilidade que pode provocar transtornos significativos, atingindo desde \u00e1reas urbanas at\u00e9 zonas rurais. De [&hellip;]<\/p>\n","protected":false},"author":3,"featured_media":8404,"comment_status":"open","ping_status":"open","sticky":false,"template":"","format":"standard","meta":{"footnotes":""},"categories":[22],"tags":[956],"class_list":["post-8403","post","type-post","status-publish","format-standard","has-post-thumbnail","hentry","category-meio-ambiente","tag-importante"],"_links":{"self":[{"href":"https:\/\/diarionews.com.br\/index.php?rest_route=\/wp\/v2\/posts\/8403","targetHints":{"allow":["GET"]}}],"collection":[{"href":"https:\/\/diarionews.com.br\/index.php?rest_route=\/wp\/v2\/posts"}],"about":[{"href":"https:\/\/diarionews.com.br\/index.php?rest_route=\/wp\/v2\/types\/post"}],"author":[{"embeddable":true,"href":"https:\/\/diarionews.com.br\/index.php?rest_route=\/wp\/v2\/users\/3"}],"replies":[{"embeddable":true,"href":"https:\/\/diarionews.com.br\/index.php?rest_route=%2Fwp%2Fv2%2Fcomments&post=8403"}],"version-history":[{"count":1,"href":"https:\/\/diarionews.com.br\/index.php?rest_route=\/wp\/v2\/posts\/8403\/revisions"}],"predecessor-version":[{"id":8405,"href":"https:\/\/diarionews.com.br\/index.php?rest_route=\/wp\/v2\/posts\/8403\/revisions\/8405"}],"wp:featuredmedia":[{"embeddable":true,"href":"https:\/\/diarionews.com.br\/index.php?rest_route=\/wp\/v2\/media\/8404"}],"wp:attachment":[{"href":"https:\/\/diarionews.com.br\/index.php?rest_route=%2Fwp%2Fv2%2Fmedia&parent=8403"}],"wp:term":[{"taxonomy":"category","embeddable":true,"href":"https:\/\/diarionews.com.br\/index.php?rest_route=%2Fwp%2Fv2%2Fcategories&post=8403"},{"taxonomy":"post_tag","embeddable":true,"href":"https:\/\/diarionews.com.br\/index.php?rest_route=%2Fwp%2Fv2%2Ftags&post=8403"}],"curies":[{"name":"wp","href":"https:\/\/api.w.org\/{rel}","templated":true}]}}