{"id":8397,"date":"2026-04-30T10:05:15","date_gmt":"2026-04-30T14:05:15","guid":{"rendered":"https:\/\/diarionews.com.br\/?p=8397"},"modified":"2026-04-30T10:05:18","modified_gmt":"2026-04-30T14:05:18","slug":"jornalista-e-interrompida-de-forma-agressiva-por-bolsonarista-durante-transmissao-ao-vivo","status":"publish","type":"post","link":"https:\/\/diarionews.com.br\/?p=8397","title":{"rendered":"Jornalista \u00e9 interrompida de forma agressiva por bolsonarista durante transmiss\u00e3o ao vivo"},"content":{"rendered":"\n<p>A jornalista Heloisa Villela, do ICL Not\u00edcias, foi alvo de uma interrup\u00e7\u00e3o hostil enquanto realizava uma reportagem ao vivo no Congresso Nacional. O incidente ocorreu durante cobertura sobre a sess\u00e3o que analisa os vetos presidenciais ao Projeto de Lei da Dosimetria.<\/p>\n\n\n\n<p>Enquanto comentava os pontos da sess\u00e3o, uma manifestante identificada como apoiadora do ex-presidente Jair Bolsonaro se aproximou da jornalista e come\u00e7ou a falar em tom elevado, tentando interromper a transmiss\u00e3o e contestar suas informa\u00e7\u00f5es de maneira agressiva.<\/p>\n\n\n\n<p>Heloisa Villela manteve a compostura durante o ocorrido, rebateu os argumentos da manifestante e conseguiu dar continuidade \u00e0 transmiss\u00e3o, ainda que sob forte press\u00e3o. N\u00e3o houve registro de agress\u00e3o f\u00edsica, mas o epis\u00f3dio foi marcado pela clara inten\u00e7\u00e3o de intimidar e atrapalhar o exerc\u00edcio da atividade jornal\u00edstica.<\/p>\n\n\n\n<p>Profissionais de imprensa que cobrem o Congresso Nacional t\u00eam relatado aumento de casos de ass\u00e9dio e interrup\u00e7\u00f5es agressivas por parte de manifestantes, especialmente em dias de vota\u00e7\u00f5es pol\u00eamicas. A liberdade de imprensa e o direito de exercer a profiss\u00e3o sem coa\u00e7\u00e3o s\u00e3o garantidos pela Constitui\u00e7\u00e3o Federal.<\/p>\n\n\n\n<p>A jornalista Heloisa Villela \u00e9 reconhecida por sua atua\u00e7\u00e3o em coberturas pol\u00edticas e vem exercendo seu trabalho de forma constante nas depend\u00eancias do Legislativo federal.<\/p>\n\n\n\n<p>At\u00e9 o momento, n\u00e3o h\u00e1 informa\u00e7\u00e3o sobre identifica\u00e7\u00e3o ou registro de ocorr\u00eancia contra a manifestante respons\u00e1vel pela interrup\u00e7\u00e3o.<\/p>\n\n\n\n<p>O epis\u00f3dio refor\u00e7a a necessidade de maior prote\u00e7\u00e3o aos profissionais de imprensa que atuam em \u00e1reas de grande circula\u00e7\u00e3o pol\u00edtica, especialmente durante a cobertura de temas sens\u00edveis.<\/p>\n\n\n\n<figure class=\"wp-block-video\"><video controls src=\"https:\/\/diarionews.com.br\/wp-content\/uploads\/2026\/04\/ICLNoticias_status_2049840302538493994_480x852.mp4\"><\/video><\/figure>\n","protected":false},"excerpt":{"rendered":"<p>A jornalista Heloisa Villela, do ICL Not\u00edcias, foi alvo de uma interrup\u00e7\u00e3o hostil enquanto realizava uma reportagem ao vivo no Congresso Nacional. O incidente ocorreu durante cobertura sobre a sess\u00e3o que analisa os vetos presidenciais ao Projeto de Lei da Dosimetria. Enquanto comentava os pontos da sess\u00e3o, uma manifestante identificada como apoiadora do ex-presidente Jair [&hellip;]<\/p>\n","protected":false},"author":1,"featured_media":8398,"comment_status":"open","ping_status":"open","sticky":false,"template":"","format":"standard","meta":{"footnotes":""},"categories":[12],"tags":[],"class_list":["post-8397","post","type-post","status-publish","format-standard","has-post-thumbnail","hentry","category-nacionais"],"_links":{"self":[{"href":"https:\/\/diarionews.com.br\/index.php?rest_route=\/wp\/v2\/posts\/8397","targetHints":{"allow":["GET"]}}],"collection":[{"href":"https:\/\/diarionews.com.br\/index.php?rest_route=\/wp\/v2\/posts"}],"about":[{"href":"https:\/\/diarionews.com.br\/index.php?rest_route=\/wp\/v2\/types\/post"}],"author":[{"embeddable":true,"href":"https:\/\/diarionews.com.br\/index.php?rest_route=\/wp\/v2\/users\/1"}],"replies":[{"embeddable":true,"href":"https:\/\/diarionews.com.br\/index.php?rest_route=%2Fwp%2Fv2%2Fcomments&post=8397"}],"version-history":[{"count":1,"href":"https:\/\/diarionews.com.br\/index.php?rest_route=\/wp\/v2\/posts\/8397\/revisions"}],"predecessor-version":[{"id":8400,"href":"https:\/\/diarionews.com.br\/index.php?rest_route=\/wp\/v2\/posts\/8397\/revisions\/8400"}],"wp:featuredmedia":[{"embeddable":true,"href":"https:\/\/diarionews.com.br\/index.php?rest_route=\/wp\/v2\/media\/8398"}],"wp:attachment":[{"href":"https:\/\/diarionews.com.br\/index.php?rest_route=%2Fwp%2Fv2%2Fmedia&parent=8397"}],"wp:term":[{"taxonomy":"category","embeddable":true,"href":"https:\/\/diarionews.com.br\/index.php?rest_route=%2Fwp%2Fv2%2Fcategories&post=8397"},{"taxonomy":"post_tag","embeddable":true,"href":"https:\/\/diarionews.com.br\/index.php?rest_route=%2Fwp%2Fv2%2Ftags&post=8397"}],"curies":[{"name":"wp","href":"https:\/\/api.w.org\/{rel}","templated":true}]}}