{"id":8394,"date":"2026-04-30T09:42:30","date_gmt":"2026-04-30T13:42:30","guid":{"rendered":"https:\/\/diarionews.com.br\/?p=8394"},"modified":"2026-04-30T09:42:32","modified_gmt":"2026-04-30T13:42:32","slug":"empresario-condenado-por-corrupcao-e-envolvido-na-farra-dos-guardanapos-estava-no-mesmo-voo-que-hugo-motta-e-ciro-nogueira","status":"publish","type":"post","link":"https:\/\/diarionews.com.br\/?p=8394","title":{"rendered":"Empres\u00e1rio condenado por corrup\u00e7\u00e3o e envolvido na &#8216;farra dos guardanapos&#8217; estava no mesmo voo que Hugo Motta e Ciro Nogueira"},"content":{"rendered":"\n<p>Um empres\u00e1rio condenado por corrup\u00e7\u00e3o e citado na chamada \u201cfarra dos guardanapos\u201d integrava o grupo de passageiros do voo privado que veio da ilha de S\u00e3o Martinho, no Caribe, e pousou no Aeroporto Catarina, em S\u00e3o Roque (SP), no dia 20 de abril de 2025.<\/p>\n\n\n\n<p>A informa\u00e7\u00e3o foi revelada pela reportagem do G1, que teve acesso ao inqu\u00e9rito da Pol\u00edcia Federal. O voo PP-OIG transportava o presidente da C\u00e2mara dos Deputados, Hugo Motta (Republicanos-PB), o senador Ciro Nogueira (PP-PI) e outros parlamentares.<\/p>\n\n\n\n<p>O empres\u00e1rio, que n\u00e3o teve o nome divulgado na mat\u00e9ria principal do G1, j\u00e1 foi condenado pela Justi\u00e7a por crimes de corrup\u00e7\u00e3o e esteve envolvido no esc\u00e2ndalo conhecido como \u201cfarra dos guardanapos\u201d, epis\u00f3dio em que empres\u00e1rios e pol\u00edticos foram flagrados em festas luxuosas com gastos elevados, incluindo o famoso epis\u00f3dio dos guardanapos usados para anotar pedidos caros.<\/p>\n\n\n\n<p>O voo partiu de S\u00e3o Martinho (Saint Martin), territ\u00f3rio caribenho classificado pela Receita Federal como para\u00edso fiscal desde 2016. No desembarque, um auditor fiscal da Receita Federal \u00e9 investigado por supostamente ter liberado as bagagens dos passageiros sem passar pelo raio-X, conforme registro feito por um agente de prote\u00e7\u00e3o da avia\u00e7\u00e3o civil (APAC) no livro de ocorr\u00eancias do aeroporto.<\/p>\n\n\n\n<p>A Pol\u00edcia Federal investiga poss\u00edvel facilita\u00e7\u00e3o de contrabando ou descaminho. Como o caso envolve parlamentares com foro privilegiado, os autos foram enviados ao Supremo Tribunal Federal (STF) e est\u00e3o sob sigilo. A Procuradoria-Geral da Rep\u00fablica (PGR) deve se manifestar sobre o prosseguimento das investiga\u00e7\u00f5es.<\/p>\n\n\n\n<p><strong>Posicionamentos<\/strong><\/p>\n\n\n\n<p>At\u00e9 o momento, nem Hugo Motta nem Ciro Nogueira se manifestaram especificamente sobre a presen\u00e7a do empres\u00e1rio condenado no mesmo voo. Em nota anterior, Motta afirmou que cumpriu todos os protocolos aduaneiros durante a viagem.<\/p>\n\n\n\n<p>A defesa do empres\u00e1rio tamb\u00e9m n\u00e3o se pronunciou publicamente sobre o novo desdobramento.<\/p>\n\n\n\n<p>O caso ganhou maior repercuss\u00e3o ap\u00f3s o G1 revelar a identidade e o hist\u00f3rico do empres\u00e1rio que viajava junto com as autoridades.<\/p>\n\n\n\n<p>A investiga\u00e7\u00e3o continua em andamento.<\/p>\n","protected":false},"excerpt":{"rendered":"<p>Um empres\u00e1rio condenado por corrup\u00e7\u00e3o e citado na chamada \u201cfarra dos guardanapos\u201d integrava o grupo de passageiros do voo privado que veio da ilha de S\u00e3o Martinho, no Caribe, e pousou no Aeroporto Catarina, em S\u00e3o Roque (SP), no dia 20 de abril de 2025. A informa\u00e7\u00e3o foi revelada pela reportagem do G1, que teve [&hellip;]<\/p>\n","protected":false},"author":1,"featured_media":8395,"comment_status":"open","ping_status":"open","sticky":false,"template":"","format":"standard","meta":{"footnotes":""},"categories":[12],"tags":[],"class_list":["post-8394","post","type-post","status-publish","format-standard","has-post-thumbnail","hentry","category-nacionais"],"_links":{"self":[{"href":"https:\/\/diarionews.com.br\/index.php?rest_route=\/wp\/v2\/posts\/8394","targetHints":{"allow":["GET"]}}],"collection":[{"href":"https:\/\/diarionews.com.br\/index.php?rest_route=\/wp\/v2\/posts"}],"about":[{"href":"https:\/\/diarionews.com.br\/index.php?rest_route=\/wp\/v2\/types\/post"}],"author":[{"embeddable":true,"href":"https:\/\/diarionews.com.br\/index.php?rest_route=\/wp\/v2\/users\/1"}],"replies":[{"embeddable":true,"href":"https:\/\/diarionews.com.br\/index.php?rest_route=%2Fwp%2Fv2%2Fcomments&post=8394"}],"version-history":[{"count":1,"href":"https:\/\/diarionews.com.br\/index.php?rest_route=\/wp\/v2\/posts\/8394\/revisions"}],"predecessor-version":[{"id":8396,"href":"https:\/\/diarionews.com.br\/index.php?rest_route=\/wp\/v2\/posts\/8394\/revisions\/8396"}],"wp:featuredmedia":[{"embeddable":true,"href":"https:\/\/diarionews.com.br\/index.php?rest_route=\/wp\/v2\/media\/8395"}],"wp:attachment":[{"href":"https:\/\/diarionews.com.br\/index.php?rest_route=%2Fwp%2Fv2%2Fmedia&parent=8394"}],"wp:term":[{"taxonomy":"category","embeddable":true,"href":"https:\/\/diarionews.com.br\/index.php?rest_route=%2Fwp%2Fv2%2Fcategories&post=8394"},{"taxonomy":"post_tag","embeddable":true,"href":"https:\/\/diarionews.com.br\/index.php?rest_route=%2Fwp%2Fv2%2Ftags&post=8394"}],"curies":[{"name":"wp","href":"https:\/\/api.w.org\/{rel}","templated":true}]}}