{"id":8391,"date":"2026-04-30T09:39:12","date_gmt":"2026-04-30T13:39:12","guid":{"rendered":"https:\/\/diarionews.com.br\/?p=8391"},"modified":"2026-04-30T09:39:15","modified_gmt":"2026-04-30T13:39:15","slug":"idosa-fica-ferida-em-acidente-com-bicicleta-eletrica-em-alta-floresta","status":"publish","type":"post","link":"https:\/\/diarionews.com.br\/?p=8391","title":{"rendered":"Idosa fica ferida em acidente com bicicleta el\u00e9trica em Alta Floresta"},"content":{"rendered":"\n<p>Uma mulher de 64 anos ficou ferida ap\u00f3s um acidente de tr\u00e2nsito envolvendo uma bicicleta el\u00e9trica no fim da tarde do dia 29 de abril de 2026, em Alta Floresta. A ocorr\u00eancia foi registrada \u00e0s 17h40, no cruzamento da Avenida A com a Avenida Teles Pires, e mobilizou equipes da 7\u00aa Companhia Independente Bombeiro Militar (7\u00aa CIBM).<\/p>\n\n\n\n<p>De acordo com as informa\u00e7\u00f5es do atendimento, ao chegar ao local, a guarni\u00e7\u00e3o constatou que militares da pr\u00f3pria 7\u00aa CIBM j\u00e1 realizavam os primeiros socorros \u00e0 v\u00edtima. A mulher foi encontrada em posi\u00e7\u00e3o sentada, consciente, apresentando escoria\u00e7\u00f5es nos membros superiores, al\u00e9m de um corte e hematoma na regi\u00e3o da face.<\/p>\n\n\n\n<p>Diante da situa\u00e7\u00e3o, os bombeiros realizaram os procedimentos de atendimento pr\u00e9-hospitalar, incluindo a imobiliza\u00e7\u00e3o cervical com o uso de colar cervical, medida necess\u00e1ria para prevenir poss\u00edveis les\u00f5es mais graves. Em seguida, a v\u00edtima foi estabilizada em prancha r\u00edgida para garantir seguran\u00e7a durante o transporte.<\/p>\n\n\n\n<p>Ap\u00f3s os primeiros atendimentos, a mulher foi encaminhada ao Hospital Regional, onde permaneceu sob os cuidados da equipe m\u00e9dica de plant\u00e3o para avalia\u00e7\u00e3o e tratamento adequado.<\/p>\n","protected":false},"excerpt":{"rendered":"<p>Uma mulher de 64 anos ficou ferida ap\u00f3s um acidente de tr\u00e2nsito envolvendo uma bicicleta el\u00e9trica no fim da tarde do dia 29 de abril de 2026, em Alta Floresta. A ocorr\u00eancia foi registrada \u00e0s 17h40, no cruzamento da Avenida A com a Avenida Teles Pires, e mobilizou equipes da 7\u00aa Companhia Independente Bombeiro Militar [&hellip;]<\/p>\n","protected":false},"author":1,"featured_media":8392,"comment_status":"open","ping_status":"open","sticky":false,"template":"","format":"standard","meta":{"footnotes":""},"categories":[6],"tags":[],"class_list":["post-8391","post","type-post","status-publish","format-standard","has-post-thumbnail","hentry","category-local"],"_links":{"self":[{"href":"https:\/\/diarionews.com.br\/index.php?rest_route=\/wp\/v2\/posts\/8391","targetHints":{"allow":["GET"]}}],"collection":[{"href":"https:\/\/diarionews.com.br\/index.php?rest_route=\/wp\/v2\/posts"}],"about":[{"href":"https:\/\/diarionews.com.br\/index.php?rest_route=\/wp\/v2\/types\/post"}],"author":[{"embeddable":true,"href":"https:\/\/diarionews.com.br\/index.php?rest_route=\/wp\/v2\/users\/1"}],"replies":[{"embeddable":true,"href":"https:\/\/diarionews.com.br\/index.php?rest_route=%2Fwp%2Fv2%2Fcomments&post=8391"}],"version-history":[{"count":1,"href":"https:\/\/diarionews.com.br\/index.php?rest_route=\/wp\/v2\/posts\/8391\/revisions"}],"predecessor-version":[{"id":8393,"href":"https:\/\/diarionews.com.br\/index.php?rest_route=\/wp\/v2\/posts\/8391\/revisions\/8393"}],"wp:featuredmedia":[{"embeddable":true,"href":"https:\/\/diarionews.com.br\/index.php?rest_route=\/wp\/v2\/media\/8392"}],"wp:attachment":[{"href":"https:\/\/diarionews.com.br\/index.php?rest_route=%2Fwp%2Fv2%2Fmedia&parent=8391"}],"wp:term":[{"taxonomy":"category","embeddable":true,"href":"https:\/\/diarionews.com.br\/index.php?rest_route=%2Fwp%2Fv2%2Fcategories&post=8391"},{"taxonomy":"post_tag","embeddable":true,"href":"https:\/\/diarionews.com.br\/index.php?rest_route=%2Fwp%2Fv2%2Ftags&post=8391"}],"curies":[{"name":"wp","href":"https:\/\/api.w.org\/{rel}","templated":true}]}}