{"id":8389,"date":"2026-04-30T09:27:06","date_gmt":"2026-04-30T13:27:06","guid":{"rendered":"https:\/\/diarionews.com.br\/?p=8389"},"modified":"2026-04-30T09:27:08","modified_gmt":"2026-04-30T13:27:08","slug":"gestante-passa-mal-em-trabalho-e-e-socorrida-em-alta-floresta","status":"publish","type":"post","link":"https:\/\/diarionews.com.br\/?p=8389","title":{"rendered":"Gestante passa mal em trabalho e \u00e9 socorrida em Alta Floresta"},"content":{"rendered":"\n<p>Uma gestante de aproximadamente 31 semanas precisou de atendimento do Corpo de Bombeiros na manh\u00e3 do dia 29 de abril de 2026, em Alta Floresta. A ocorr\u00eancia foi registrada \u00e0s 11h44, na Avenida Bom Pastor, ap\u00f3s a mulher apresentar um mal s\u00fabito enquanto trabalhava em um com\u00e9rcio local.<\/p>\n\n\n\n<p>De acordo com a 7\u00aa Companhia Independente Bombeiro Militar (7\u00aa CIBM), a guarni\u00e7\u00e3o foi acionada inicialmente para atender um caso de mal-estar. Ao chegar ao local, os socorristas encontraram a v\u00edtima, do sexo feminino, sentada em uma cadeira, consciente e orientada, por\u00e9m relatando sintomas de tontura, al\u00e9m de n\u00e1useas e astenia.<\/p>\n\n\n\n<p>Ainda conforme o atendimento, a situa\u00e7\u00e3o ocorreu durante o expediente de trabalho da gestante, o que mobilizou rapidamente o acionamento da equipe de emerg\u00eancia. Apesar do susto, a paciente manteve-se est\u00e1vel durante a avalia\u00e7\u00e3o inicial realizada pelos bombeiros.<\/p>\n\n\n\n<p>Ap\u00f3s o atendimento pr\u00e9-hospitalar, a gestante foi encaminhada para a ala da GEO do Hospital Regional, onde ficou sob cuidados m\u00e9dicos para avalia\u00e7\u00e3o detalhada e acompanhamento do quadro cl\u00ednico.<\/p>\n","protected":false},"excerpt":{"rendered":"<p>Uma gestante de aproximadamente 31 semanas precisou de atendimento do Corpo de Bombeiros na manh\u00e3 do dia 29 de abril de 2026, em Alta Floresta. A ocorr\u00eancia foi registrada \u00e0s 11h44, na Avenida Bom Pastor, ap\u00f3s a mulher apresentar um mal s\u00fabito enquanto trabalhava em um com\u00e9rcio local. De acordo com a 7\u00aa Companhia Independente [&hellip;]<\/p>\n","protected":false},"author":1,"featured_media":2515,"comment_status":"open","ping_status":"open","sticky":false,"template":"","format":"standard","meta":{"footnotes":""},"categories":[6],"tags":[],"class_list":["post-8389","post","type-post","status-publish","format-standard","has-post-thumbnail","hentry","category-local"],"_links":{"self":[{"href":"https:\/\/diarionews.com.br\/index.php?rest_route=\/wp\/v2\/posts\/8389","targetHints":{"allow":["GET"]}}],"collection":[{"href":"https:\/\/diarionews.com.br\/index.php?rest_route=\/wp\/v2\/posts"}],"about":[{"href":"https:\/\/diarionews.com.br\/index.php?rest_route=\/wp\/v2\/types\/post"}],"author":[{"embeddable":true,"href":"https:\/\/diarionews.com.br\/index.php?rest_route=\/wp\/v2\/users\/1"}],"replies":[{"embeddable":true,"href":"https:\/\/diarionews.com.br\/index.php?rest_route=%2Fwp%2Fv2%2Fcomments&post=8389"}],"version-history":[{"count":1,"href":"https:\/\/diarionews.com.br\/index.php?rest_route=\/wp\/v2\/posts\/8389\/revisions"}],"predecessor-version":[{"id":8390,"href":"https:\/\/diarionews.com.br\/index.php?rest_route=\/wp\/v2\/posts\/8389\/revisions\/8390"}],"wp:featuredmedia":[{"embeddable":true,"href":"https:\/\/diarionews.com.br\/index.php?rest_route=\/wp\/v2\/media\/2515"}],"wp:attachment":[{"href":"https:\/\/diarionews.com.br\/index.php?rest_route=%2Fwp%2Fv2%2Fmedia&parent=8389"}],"wp:term":[{"taxonomy":"category","embeddable":true,"href":"https:\/\/diarionews.com.br\/index.php?rest_route=%2Fwp%2Fv2%2Fcategories&post=8389"},{"taxonomy":"post_tag","embeddable":true,"href":"https:\/\/diarionews.com.br\/index.php?rest_route=%2Fwp%2Fv2%2Ftags&post=8389"}],"curies":[{"name":"wp","href":"https:\/\/api.w.org\/{rel}","templated":true}]}}