{"id":8385,"date":"2026-04-30T09:26:18","date_gmt":"2026-04-30T13:26:18","guid":{"rendered":"https:\/\/diarionews.com.br\/?p=8385"},"modified":"2026-04-30T09:26:19","modified_gmt":"2026-04-30T13:26:19","slug":"gcms-de-mogi-das-cruzes-sao-afastados-apos-video-mostrar-abordagem-violenta-contra-entregador-de-aplicativo","status":"publish","type":"post","link":"https:\/\/diarionews.com.br\/?p=8385","title":{"rendered":"GCMs de Mogi das Cruzes s\u00e3o afastados ap\u00f3s v\u00eddeo mostrar abordagem violenta contra entregador de aplicativo"},"content":{"rendered":"\n<p>Dois guardas civis municipais (GCMs) de Mogi das Cruzes foram afastados de suas fun\u00e7\u00f5es ap\u00f3s um v\u00eddeo mostrar uma abordagem considerada abusiva contra um jovem entregador de aplicativo de delivery.<\/p>\n\n\n\n<p>O caso ocorreu nos \u00faltimos dias e ganhou repercuss\u00e3o ap\u00f3s o ativista e entregador JR Freitas (@jrfreitasofc_) divulgar o v\u00eddeo nas redes sociais. Nas imagens, os GCMs aparecem jogando a bicicleta de trabalho do entregador em um esgoto, furando os pneus e agredindo o jovem no rosto durante a abordagem.<\/p>\n\n\n\n<p>A v\u00edtima, identificada como Alisson, \u00e9 entregador de iFood. Ap\u00f3s o incidente, ele ficou impossibilitado de trabalhar, pois perdeu sua principal ferramenta de trabalho. Alisson mora em uma regi\u00e3o perif\u00e9rica da cidade com a esposa e uma filha de 3 anos.<\/p>\n\n\n\n<p>Segundo JR Freitas, que tem atuado como articulador em defesa de entregadores, a press\u00e3o exercida sobre a Prefeitura de Mogi das Cruzes e uma representa\u00e7\u00e3o feita junto ao Minist\u00e9rio P\u00fablico, com apoio da deputada estadual Erika Hilton (PSOL), resultaram no afastamento dos guardas. Os GCMs v\u00e3o responder a processo na Corregedoria da Guarda Civil Municipal.<\/p>\n\n\n\n<p>A Prefeitura de Mogi das Cruzes confirmou o afastamento preventivo dos agentes e informou que uma investiga\u00e7\u00e3o interna foi aberta para apurar poss\u00edvel abuso de autoridade.<\/p>\n\n\n\n<p><strong>Solidariedade e apoio<\/strong><\/p>\n\n\n\n<p>JR Freitas lan\u00e7ou uma campanha de solidariedade para ajudar Alisson. Ele divulgou o PIX alisson1703barreto@gmail.com para doa\u00e7\u00f5es e informou que o entregador est\u00e1 recebendo atendimento jur\u00eddico gratuito da advogada Islan.<\/p>\n\n\n\n<p>At\u00e9 o momento, n\u00e3o h\u00e1 informa\u00e7\u00f5es oficiais sobre eventual indiciamento dos guardas ou repara\u00e7\u00e3o material pela destrui\u00e7\u00e3o da bicicleta.<\/p>\n\n\n\n<p>O caso refor\u00e7a o debate sobre o treinamento e os limites de atua\u00e7\u00e3o das Guardas Civis Municipais em abordagens a trabalhadores de aplicativos, categoria que frequentemente reclama de abordagens truculentas e excessos por parte de agentes de seguran\u00e7a.<\/p>\n\n\n\n<p>A Secretaria de Seguran\u00e7a P\u00fablica de Mogi das Cruzes ainda n\u00e3o se manifestou publicamente sobre o andamento da corregedoria.<\/p>\n\n\n\n<figure class=\"wp-block-video\"><video controls src=\"https:\/\/diarionews.com.br\/wp-content\/uploads\/2026\/04\/jrfreitasofc__status_2049616359164686562_480x852.mp4\"><\/video><\/figure>\n","protected":false},"excerpt":{"rendered":"<p>Dois guardas civis municipais (GCMs) de Mogi das Cruzes foram afastados de suas fun\u00e7\u00f5es ap\u00f3s um v\u00eddeo mostrar uma abordagem considerada abusiva contra um jovem entregador de aplicativo de delivery. O caso ocorreu nos \u00faltimos dias e ganhou repercuss\u00e3o ap\u00f3s o ativista e entregador JR Freitas (@jrfreitasofc_) divulgar o v\u00eddeo nas redes sociais. Nas imagens, [&hellip;]<\/p>\n","protected":false},"author":1,"featured_media":8386,"comment_status":"open","ping_status":"open","sticky":false,"template":"","format":"standard","meta":{"footnotes":""},"categories":[12],"tags":[],"class_list":["post-8385","post","type-post","status-publish","format-standard","has-post-thumbnail","hentry","category-nacionais"],"_links":{"self":[{"href":"https:\/\/diarionews.com.br\/index.php?rest_route=\/wp\/v2\/posts\/8385","targetHints":{"allow":["GET"]}}],"collection":[{"href":"https:\/\/diarionews.com.br\/index.php?rest_route=\/wp\/v2\/posts"}],"about":[{"href":"https:\/\/diarionews.com.br\/index.php?rest_route=\/wp\/v2\/types\/post"}],"author":[{"embeddable":true,"href":"https:\/\/diarionews.com.br\/index.php?rest_route=\/wp\/v2\/users\/1"}],"replies":[{"embeddable":true,"href":"https:\/\/diarionews.com.br\/index.php?rest_route=%2Fwp%2Fv2%2Fcomments&post=8385"}],"version-history":[{"count":1,"href":"https:\/\/diarionews.com.br\/index.php?rest_route=\/wp\/v2\/posts\/8385\/revisions"}],"predecessor-version":[{"id":8388,"href":"https:\/\/diarionews.com.br\/index.php?rest_route=\/wp\/v2\/posts\/8385\/revisions\/8388"}],"wp:featuredmedia":[{"embeddable":true,"href":"https:\/\/diarionews.com.br\/index.php?rest_route=\/wp\/v2\/media\/8386"}],"wp:attachment":[{"href":"https:\/\/diarionews.com.br\/index.php?rest_route=%2Fwp%2Fv2%2Fmedia&parent=8385"}],"wp:term":[{"taxonomy":"category","embeddable":true,"href":"https:\/\/diarionews.com.br\/index.php?rest_route=%2Fwp%2Fv2%2Fcategories&post=8385"},{"taxonomy":"post_tag","embeddable":true,"href":"https:\/\/diarionews.com.br\/index.php?rest_route=%2Fwp%2Fv2%2Ftags&post=8385"}],"curies":[{"name":"wp","href":"https:\/\/api.w.org\/{rel}","templated":true}]}}