{"id":8383,"date":"2026-04-30T09:17:09","date_gmt":"2026-04-30T13:17:09","guid":{"rendered":"https:\/\/diarionews.com.br\/?p=8383"},"modified":"2026-04-30T09:17:11","modified_gmt":"2026-04-30T13:17:11","slug":"colisao-entre-moto-e-carro-deixa-duas-feridas-em-alta-floresta","status":"publish","type":"post","link":"https:\/\/diarionews.com.br\/?p=8383","title":{"rendered":"Colis\u00e3o entre moto e carro deixa duas feridas em Alta Floresta"},"content":{"rendered":"\n<p>Duas pessoas ficaram feridas ap\u00f3s um acidente de tr\u00e2nsito registrado na manh\u00e3 do dia 29 de abril de 2026, em Alta Floresta. A ocorr\u00eancia foi atendida pela 7\u00aa Companhia Independente Bombeiro Militar (7\u00aa CIBM) \u00e0s 09h35, na Rua Azaleia, no bairro Jardim das Flores, envolvendo a colis\u00e3o entre uma motocicleta e um ve\u00edculo de passeio.<\/p>\n\n\n\n<p>De acordo com as informa\u00e7\u00f5es da guarni\u00e7\u00e3o de servi\u00e7o, ao chegar ao local os bombeiros encontraram duas v\u00edtimas do sexo feminino, com idades de 49 e 15 anos. As duas j\u00e1 estavam fora dos ve\u00edculos no momento do atendimento inicial, conscientes e orientadas, aguardando a chegada do socorro.<\/p>\n\n\n\n<p>A primeira v\u00edtima foi localizada sentada em uma cadeira \u00e0 margem da via. Ela relatava dores na regi\u00e3o patelar do joelho esquerdo, \u00e1rea que apresentava escoria\u00e7\u00f5es. J\u00e1 a segunda v\u00edtima, uma crian\u00e7a com idade estimada entre 8 e 10 anos, tamb\u00e9m estava consciente e orientada, queixando-se de dores ao longo dos membros superiores, com presen\u00e7a de pequenas escoria\u00e7\u00f5es.<\/p>\n\n\n\n<p>Ap\u00f3s o atendimento pr\u00e9-hospitalar realizado no local, ambas as v\u00edtimas foram encaminhadas ao Pronto Atendimento Municipal (PAM), onde receberam os cuidados m\u00e9dicos necess\u00e1rios. As circunst\u00e2ncias do acidente n\u00e3o foram detalhadas na ocorr\u00eancia.<\/p>\n","protected":false},"excerpt":{"rendered":"<p>Duas pessoas ficaram feridas ap\u00f3s um acidente de tr\u00e2nsito registrado na manh\u00e3 do dia 29 de abril de 2026, em Alta Floresta. A ocorr\u00eancia foi atendida pela 7\u00aa Companhia Independente Bombeiro Militar (7\u00aa CIBM) \u00e0s 09h35, na Rua Azaleia, no bairro Jardim das Flores, envolvendo a colis\u00e3o entre uma motocicleta e um ve\u00edculo de passeio. [&hellip;]<\/p>\n","protected":false},"author":1,"featured_media":995,"comment_status":"open","ping_status":"open","sticky":false,"template":"","format":"standard","meta":{"footnotes":""},"categories":[6],"tags":[],"class_list":["post-8383","post","type-post","status-publish","format-standard","has-post-thumbnail","hentry","category-local"],"_links":{"self":[{"href":"https:\/\/diarionews.com.br\/index.php?rest_route=\/wp\/v2\/posts\/8383","targetHints":{"allow":["GET"]}}],"collection":[{"href":"https:\/\/diarionews.com.br\/index.php?rest_route=\/wp\/v2\/posts"}],"about":[{"href":"https:\/\/diarionews.com.br\/index.php?rest_route=\/wp\/v2\/types\/post"}],"author":[{"embeddable":true,"href":"https:\/\/diarionews.com.br\/index.php?rest_route=\/wp\/v2\/users\/1"}],"replies":[{"embeddable":true,"href":"https:\/\/diarionews.com.br\/index.php?rest_route=%2Fwp%2Fv2%2Fcomments&post=8383"}],"version-history":[{"count":1,"href":"https:\/\/diarionews.com.br\/index.php?rest_route=\/wp\/v2\/posts\/8383\/revisions"}],"predecessor-version":[{"id":8384,"href":"https:\/\/diarionews.com.br\/index.php?rest_route=\/wp\/v2\/posts\/8383\/revisions\/8384"}],"wp:featuredmedia":[{"embeddable":true,"href":"https:\/\/diarionews.com.br\/index.php?rest_route=\/wp\/v2\/media\/995"}],"wp:attachment":[{"href":"https:\/\/diarionews.com.br\/index.php?rest_route=%2Fwp%2Fv2%2Fmedia&parent=8383"}],"wp:term":[{"taxonomy":"category","embeddable":true,"href":"https:\/\/diarionews.com.br\/index.php?rest_route=%2Fwp%2Fv2%2Fcategories&post=8383"},{"taxonomy":"post_tag","embeddable":true,"href":"https:\/\/diarionews.com.br\/index.php?rest_route=%2Fwp%2Fv2%2Ftags&post=8383"}],"curies":[{"name":"wp","href":"https:\/\/api.w.org\/{rel}","templated":true}]}}