{"id":8372,"date":"2026-04-30T07:19:00","date_gmt":"2026-04-30T11:19:00","guid":{"rendered":"https:\/\/diarionews.com.br\/?p=8372"},"modified":"2026-04-30T07:19:01","modified_gmt":"2026-04-30T11:19:01","slug":"golpe-bancario-causa-prejuizo-de-mais-de-r-6-mil-a-jovem-em-carlinda","status":"publish","type":"post","link":"https:\/\/diarionews.com.br\/?p=8372","title":{"rendered":"Golpe banc\u00e1rio causa preju\u00edzo de mais de R$ 6 mil a jovem em Carlinda"},"content":{"rendered":"\n<p>Um caso de estelionato foi registrado pelo N\u00facleo de Pol\u00edcia Militar de Carlinda (MT) na tarde do dia 29 de abril de 2026, por volta das 16h20. A v\u00edtima, uma jovem de 20 anos, procurou a unidade policial para relatar que havia sido alvo de um golpe aplicado por meio da internet.<\/p>\n\n\n\n<p>Segundo o relato, a v\u00edtima foi contatada por um indiv\u00edduo que se passou por agente ou representante do banco Nubank. Durante a conversa, o suspeito conseguiu, de alguma forma, obter acesso \u00e0 conta banc\u00e1ria da jovem, dando in\u00edcio a uma s\u00e9rie de movimenta\u00e7\u00f5es financeiras indevidas.<\/p>\n\n\n\n<p>De acordo com as informa\u00e7\u00f5es, foi realizado um empr\u00e9stimo no valor de R$ 5.130,00, al\u00e9m de tr\u00eas compras no cart\u00e3o de cr\u00e9dito, sendo duas no valor de R$ 394,00 cada e uma no valor de R$ 295,00. A v\u00edtima relatou ainda que o valor do empr\u00e9stimo n\u00e3o se encontra mais em sua conta, havendo ind\u00edcios de que tenha sido transferido para contas de terceiros, possivelmente pertencentes ao autor do crime.<\/p>\n\n\n\n<p>A jovem tamb\u00e9m informou que os suspeitos abriram uma conta banc\u00e1ria em seu CPF junto ao banco digital Neon, para onde foi transferido o valor de R$ 250,00 a partir de sua conta no Nubank. Ela destacou ainda que n\u00e3o soube precisar se outras transa\u00e7\u00f5es foram realizadas na conta aberta indevidamente em seu nome.<\/p>\n\n\n\n<p>Diante dos fatos, foi lavrado o boletim de ocorr\u00eancia policial militar, que foi devidamente registrado e encaminhado de forma eletr\u00f4nica \u00e0 Delegacia de Pol\u00edcia Civil de Alta Floresta para conhecimento e ado\u00e7\u00e3o das medidas cab\u00edveis.<\/p>\n","protected":false},"excerpt":{"rendered":"<p>Um caso de estelionato foi registrado pelo N\u00facleo de Pol\u00edcia Militar de Carlinda (MT) na tarde do dia 29 de abril de 2026, por volta das 16h20. A v\u00edtima, uma jovem de 20 anos, procurou a unidade policial para relatar que havia sido alvo de um golpe aplicado por meio da internet. Segundo o relato, [&hellip;]<\/p>\n","protected":false},"author":3,"featured_media":2881,"comment_status":"open","ping_status":"open","sticky":false,"template":"","format":"standard","meta":{"footnotes":""},"categories":[14],"tags":[],"class_list":["post-8372","post","type-post","status-publish","format-standard","has-post-thumbnail","hentry","category-policia"],"_links":{"self":[{"href":"https:\/\/diarionews.com.br\/index.php?rest_route=\/wp\/v2\/posts\/8372","targetHints":{"allow":["GET"]}}],"collection":[{"href":"https:\/\/diarionews.com.br\/index.php?rest_route=\/wp\/v2\/posts"}],"about":[{"href":"https:\/\/diarionews.com.br\/index.php?rest_route=\/wp\/v2\/types\/post"}],"author":[{"embeddable":true,"href":"https:\/\/diarionews.com.br\/index.php?rest_route=\/wp\/v2\/users\/3"}],"replies":[{"embeddable":true,"href":"https:\/\/diarionews.com.br\/index.php?rest_route=%2Fwp%2Fv2%2Fcomments&post=8372"}],"version-history":[{"count":1,"href":"https:\/\/diarionews.com.br\/index.php?rest_route=\/wp\/v2\/posts\/8372\/revisions"}],"predecessor-version":[{"id":8373,"href":"https:\/\/diarionews.com.br\/index.php?rest_route=\/wp\/v2\/posts\/8372\/revisions\/8373"}],"wp:featuredmedia":[{"embeddable":true,"href":"https:\/\/diarionews.com.br\/index.php?rest_route=\/wp\/v2\/media\/2881"}],"wp:attachment":[{"href":"https:\/\/diarionews.com.br\/index.php?rest_route=%2Fwp%2Fv2%2Fmedia&parent=8372"}],"wp:term":[{"taxonomy":"category","embeddable":true,"href":"https:\/\/diarionews.com.br\/index.php?rest_route=%2Fwp%2Fv2%2Fcategories&post=8372"},{"taxonomy":"post_tag","embeddable":true,"href":"https:\/\/diarionews.com.br\/index.php?rest_route=%2Fwp%2Fv2%2Ftags&post=8372"}],"curies":[{"name":"wp","href":"https:\/\/api.w.org\/{rel}","templated":true}]}}