{"id":8370,"date":"2026-04-30T07:17:22","date_gmt":"2026-04-30T11:17:22","guid":{"rendered":"https:\/\/diarionews.com.br\/?p=8370"},"modified":"2026-04-30T07:17:24","modified_gmt":"2026-04-30T11:17:24","slug":"foragido-tenta-se-esconder-mas-e-preso-em-acao-da-pm-em-paranaita","status":"publish","type":"post","link":"https:\/\/diarionews.com.br\/?p=8370","title":{"rendered":"Foragido tenta se esconder, mas \u00e9 preso em a\u00e7\u00e3o da PM em Parana\u00edta"},"content":{"rendered":"\n<p>Uma pris\u00e3o por mandado judicial foi registrada pelo 3\u00ba Pelot\u00e3o da Pol\u00edcia Militar de Parana\u00edta na manh\u00e3 do dia 29 de abril de 2026, por volta das 10h35, no bairro COHAB. A a\u00e7\u00e3o ocorreu em uma resid\u00eancia particular ap\u00f3s solicita\u00e7\u00e3o de apoio feita por um oficial de justi\u00e7a.<\/p>\n\n\n\n<p>De acordo com as informa\u00e7\u00f5es, o oficial de justi\u00e7a, identificado como Luciano, compareceu ao pelot\u00e3o e solicitou suporte para o cumprimento de um mandado de pris\u00e3o em desfavor de um homem de 35 anos, identificado pelas iniciais G. R. P. C., que estaria localizado no referido bairro.<\/p>\n\n\n\n<p>Diante da solicita\u00e7\u00e3o, a guarni\u00e7\u00e3o deslocou-se at\u00e9 o endere\u00e7o informado, onde conseguiu visualizar o suspeito. Ao perceber a presen\u00e7a da equipe policial, o homem tentou se esconder nos fundos da resid\u00eancia, mas foi rapidamente localizado pelos militares.<\/p>\n\n\n\n<p>Foi realizada a abordagem e dada voz de pris\u00e3o ao suspeito, que foi detido no local. Em seguida, ele foi conduzido ao pelot\u00e3o da Pol\u00edcia Militar para a confec\u00e7\u00e3o do boletim de ocorr\u00eancia, sendo posteriormente encaminhado \u00e0 Delegacia de Pol\u00edcia Civil para as provid\u00eancias legais cab\u00edveis.<\/p>\n","protected":false},"excerpt":{"rendered":"<p>Uma pris\u00e3o por mandado judicial foi registrada pelo 3\u00ba Pelot\u00e3o da Pol\u00edcia Militar de Parana\u00edta na manh\u00e3 do dia 29 de abril de 2026, por volta das 10h35, no bairro COHAB. A a\u00e7\u00e3o ocorreu em uma resid\u00eancia particular ap\u00f3s solicita\u00e7\u00e3o de apoio feita por um oficial de justi\u00e7a. De acordo com as informa\u00e7\u00f5es, o oficial [&hellip;]<\/p>\n","protected":false},"author":3,"featured_media":3860,"comment_status":"open","ping_status":"open","sticky":false,"template":"","format":"standard","meta":{"footnotes":""},"categories":[21,14],"tags":[],"class_list":["post-8370","post","type-post","status-publish","format-standard","has-post-thumbnail","hentry","category-regiao","category-policia"],"_links":{"self":[{"href":"https:\/\/diarionews.com.br\/index.php?rest_route=\/wp\/v2\/posts\/8370","targetHints":{"allow":["GET"]}}],"collection":[{"href":"https:\/\/diarionews.com.br\/index.php?rest_route=\/wp\/v2\/posts"}],"about":[{"href":"https:\/\/diarionews.com.br\/index.php?rest_route=\/wp\/v2\/types\/post"}],"author":[{"embeddable":true,"href":"https:\/\/diarionews.com.br\/index.php?rest_route=\/wp\/v2\/users\/3"}],"replies":[{"embeddable":true,"href":"https:\/\/diarionews.com.br\/index.php?rest_route=%2Fwp%2Fv2%2Fcomments&post=8370"}],"version-history":[{"count":1,"href":"https:\/\/diarionews.com.br\/index.php?rest_route=\/wp\/v2\/posts\/8370\/revisions"}],"predecessor-version":[{"id":8371,"href":"https:\/\/diarionews.com.br\/index.php?rest_route=\/wp\/v2\/posts\/8370\/revisions\/8371"}],"wp:featuredmedia":[{"embeddable":true,"href":"https:\/\/diarionews.com.br\/index.php?rest_route=\/wp\/v2\/media\/3860"}],"wp:attachment":[{"href":"https:\/\/diarionews.com.br\/index.php?rest_route=%2Fwp%2Fv2%2Fmedia&parent=8370"}],"wp:term":[{"taxonomy":"category","embeddable":true,"href":"https:\/\/diarionews.com.br\/index.php?rest_route=%2Fwp%2Fv2%2Fcategories&post=8370"},{"taxonomy":"post_tag","embeddable":true,"href":"https:\/\/diarionews.com.br\/index.php?rest_route=%2Fwp%2Fv2%2Ftags&post=8370"}],"curies":[{"name":"wp","href":"https:\/\/api.w.org\/{rel}","templated":true}]}}