{"id":8361,"date":"2026-04-30T06:55:43","date_gmt":"2026-04-30T10:55:43","guid":{"rendered":"https:\/\/diarionews.com.br\/?p=8361"},"modified":"2026-04-30T06:55:45","modified_gmt":"2026-04-30T10:55:45","slug":"flamengo-empata-com-estudiantes-em-la-plata-em-jogo-marcado-por-polemicas-de-arbitragem-e-lesao-de-arrascaeta","status":"publish","type":"post","link":"https:\/\/diarionews.com.br\/?p=8361","title":{"rendered":"Flamengo empata com Estudiantes em La Plata em jogo marcado por pol\u00eamicas de arbitragem e les\u00e3o de Arrascaeta"},"content":{"rendered":"\n<p>O Flamengo empatou em 1 a 1 com o Estudiantes, nesta quarta-feira (29), pela terceira rodada do Grupo A da Copa Libertadores 2026. O jogo, disputado no Est\u00e1dio Jorge Luis Hirschi, foi intenso, truncado e repleto de reclama\u00e7\u00f5es contra a arbitragem do chileno Piero Maza.<\/p>\n\n\n\n<p>Luiz Ara\u00fajo abriu o placar para o Rubro-Negro ainda no primeiro tempo, ap\u00f3s bela jogada de Samuel Lino e Bruno Henrique. No segundo tempo, Guido Carrillo empatou para os argentinos em um lance confuso, que gerou muitas reclama\u00e7\u00f5es da equipe brasileira.<\/p>\n\n\n\n<p>O confronto ficou marcado por entradas duras dos donos da casa, constantes reclama\u00e7\u00f5es do Flamengo e duas expuls\u00f5es: os t\u00e9cnicos Alexander Medina (Estudiantes) e Leonardo Jardim (Flamengo) foram mandados para fora ainda no primeiro tempo ap\u00f3s uma confus\u00e3o \u00e0 beira do campo.<\/p>\n\n\n\n<p><strong>Principais pol\u00eamicas da arbitragem<\/strong><\/p>\n\n\n\n<p>A atua\u00e7\u00e3o de Piero Maza (com VAR tamb\u00e9m chileno) foi duramente criticada por jogadores, comiss\u00e3o t\u00e9cnica e imprensa brasileira. Entre os lances mais contestados est\u00e3o:<\/p>\n\n\n\n<ul class=\"wp-block-list\">\n<li>Falta dura de Tom\u00e1s Palacios em Bruno Henrique (o zagueiro j\u00e1 tinha cart\u00e3o amarelo e n\u00e3o foi expulso).<\/li>\n\n\n\n<li>Carrinho perigoso (\u201ctesoura\u201d) de Facundo Far\u00edas em Emerson Royal, que recebeu apenas amarelo.<\/li>\n\n\n\n<li>An\u00e1lise de poss\u00edvel toque de m\u00e3o no lance do gol de Carrillo.<\/li>\n\n\n\n<li>Crit\u00e9rios diferentes na aplica\u00e7\u00e3o de cart\u00f5es.<\/li>\n<\/ul>\n\n\n\n<p>O comentarista de arbitragem Paulo C\u00e9sar de Oliveira (PC Oliveira), durante a transmiss\u00e3o, afirmou que pelo menos dois jogadores do Estudiantes mereciam expuls\u00e3o direta. A comentarista Ana Tha\u00eds Matos tamb\u00e9m classificou alguns lances como \u201cabsurdos\u201d.<\/p>\n\n\n\n<p><strong>Preocupa\u00e7\u00e3o com Arrascaeta<\/strong><\/p>\n\n\n\n<p>Al\u00e9m das pol\u00eamicas, o Flamengo teve uma baixa importante: Giorgian de Arrascaeta saiu lesionado aos 16 minutos do primeiro tempo ap\u00f3s uma dividida com Piovi. Os exames confirmaram fratura na clav\u00edcula direita, o que deve tir\u00e1-lo de campo por v\u00e1rias semanas, uma perda significativa \u00e0s v\u00e9speras de compromissos importantes, incluindo o Brasileir\u00e3o.<\/p>\n\n\n\n<p><strong>Classifica\u00e7\u00e3o no Grupo A<\/strong><\/p>\n\n\n\n<p>Com o empate, o Flamengo chegou aos 7 pontos e segue na lideran\u00e7a do Grupo A. O Estudiantes tem 5 pontos. O Rubro-Negro permanece invicto na competi\u00e7\u00e3o, mas viu cair a sequ\u00eancia de vit\u00f3rias.<\/p>\n\n\n\n<p><strong>Escala\u00e7\u00e3o e substitui\u00e7\u00f5es<\/strong><\/p>\n\n\n\n<p><strong>Flamengo <\/strong>(Leonardo Jardim): Rossi; Emerson Royal, Danilo, Vit\u00e3o, Alex Sandro; Evertton Ara\u00fajo, Jorginho, Arrascaeta (Carrascal); Luiz Ara\u00fajo (Plata), Samuel Lino (Sa\u00fal) e Bruno Henrique (Pedro).<\/p>\n\n\n\n<p><strong>Estudiantes <\/strong>(Alexander Medina): Muslera; Meza, Gonz\u00e1lez P\u00edrez, Tom\u00e1s Palacios, Benedetti; Gabriel Neves, Piovi, Amondarain; Tiago Palacios, Far\u00edas e Carrillo.Cart\u00f5es amarelos: v\u00e1rios jogadores do Estudiantes e Emerson Royal (Flamengo).<\/p>\n\n\n\n<p><strong>Cart\u00f5es vermelhos: <\/strong>Medina e Jardim.<\/p>\n\n\n\n<p>O Flamengo volta a campo pelo Brasileir\u00e3o no pr\u00f3ximo domingo contra o Vasco. A Conmebol deve analisar os relat\u00f3rios da partida, especialmente as reclama\u00e7\u00f5es sobre a arbitragem.<\/p>\n","protected":false},"excerpt":{"rendered":"<p>O Flamengo empatou em 1 a 1 com o Estudiantes, nesta quarta-feira (29), pela terceira rodada do Grupo A da Copa Libertadores 2026. O jogo, disputado no Est\u00e1dio Jorge Luis Hirschi, foi intenso, truncado e repleto de reclama\u00e7\u00f5es contra a arbitragem do chileno Piero Maza. Luiz Ara\u00fajo abriu o placar para o Rubro-Negro ainda no [&hellip;]<\/p>\n","protected":false},"author":3,"featured_media":8362,"comment_status":"open","ping_status":"open","sticky":false,"template":"","format":"standard","meta":{"footnotes":""},"categories":[13],"tags":[956],"class_list":["post-8361","post","type-post","status-publish","format-standard","has-post-thumbnail","hentry","category-esportes","tag-importante"],"_links":{"self":[{"href":"https:\/\/diarionews.com.br\/index.php?rest_route=\/wp\/v2\/posts\/8361","targetHints":{"allow":["GET"]}}],"collection":[{"href":"https:\/\/diarionews.com.br\/index.php?rest_route=\/wp\/v2\/posts"}],"about":[{"href":"https:\/\/diarionews.com.br\/index.php?rest_route=\/wp\/v2\/types\/post"}],"author":[{"embeddable":true,"href":"https:\/\/diarionews.com.br\/index.php?rest_route=\/wp\/v2\/users\/3"}],"replies":[{"embeddable":true,"href":"https:\/\/diarionews.com.br\/index.php?rest_route=%2Fwp%2Fv2%2Fcomments&post=8361"}],"version-history":[{"count":1,"href":"https:\/\/diarionews.com.br\/index.php?rest_route=\/wp\/v2\/posts\/8361\/revisions"}],"predecessor-version":[{"id":8363,"href":"https:\/\/diarionews.com.br\/index.php?rest_route=\/wp\/v2\/posts\/8361\/revisions\/8363"}],"wp:featuredmedia":[{"embeddable":true,"href":"https:\/\/diarionews.com.br\/index.php?rest_route=\/wp\/v2\/media\/8362"}],"wp:attachment":[{"href":"https:\/\/diarionews.com.br\/index.php?rest_route=%2Fwp%2Fv2%2Fmedia&parent=8361"}],"wp:term":[{"taxonomy":"category","embeddable":true,"href":"https:\/\/diarionews.com.br\/index.php?rest_route=%2Fwp%2Fv2%2Fcategories&post=8361"},{"taxonomy":"post_tag","embeddable":true,"href":"https:\/\/diarionews.com.br\/index.php?rest_route=%2Fwp%2Fv2%2Ftags&post=8361"}],"curies":[{"name":"wp","href":"https:\/\/api.w.org\/{rel}","templated":true}]}}