{"id":8340,"date":"2026-04-29T15:03:49","date_gmt":"2026-04-29T19:03:49","guid":{"rendered":"https:\/\/diarionews.com.br\/?p=8340"},"modified":"2026-04-29T15:03:51","modified_gmt":"2026-04-29T19:03:51","slug":"corregedoria-da-policia-civil-de-mato-grosso-investiga-escrivao-recem-empossado-por-perfis-em-sites-de-acompanhantes","status":"publish","type":"post","link":"https:\/\/diarionews.com.br\/?p=8340","title":{"rendered":"Corregedoria da Pol\u00edcia Civil de Mato Grosso investiga escriv\u00e3o rec\u00e9m-empossado por perfis em sites de acompanhantes"},"content":{"rendered":"\n<p>A Corregedoria da Pol\u00edcia Judici\u00e1ria Civil de Mato Grosso (PJC-MT) abriu apura\u00e7\u00e3o para investigar um escriv\u00e3o de pol\u00edcia rec\u00e9m-empossado que teria mantido perfis ativos em sites de acompanhantes masculinos em Cuiab\u00e1. O servidor \u00e9 conhecido nos an\u00fancios pelo apelido \u201cPolicial Novinho\u201d.<\/p>\n\n\n\n<p>De acordo com as den\u00fancias, o jovem de 24 anos publicava fotos \u00edntimas e expl\u00edcitas, incluindo imagens em que aparece vestindo camisa da Pol\u00edcia Civil ou da Academia de Pol\u00edcia. Em um dos perfis, ele se descrevia como \u201cbaixinho, por\u00e9m macho, malhado e forte\u201d, \u201cativo\u201d, com 1,60m de altura, 75 kg, e oferecia servi\u00e7os sexuais pagos por valores a partir de R$ 200, incluindo \u201cjantares, passeios e programas\u201d. Em uma das descri\u00e7\u00f5es, constava a frase: \u201cTenho 18 cm de p(*8) e puro prazer para a sua divers\u00e3o\u201d.<\/p>\n\n\n\n<p>As fotos utilizadas nos an\u00fancios coincidem com imagens de suas redes sociais pessoais, o que facilitou a identifica\u00e7\u00e3o do servidor. O caso ganhou repercuss\u00e3o ap\u00f3s circular em grupos de WhatsApp e redes sociais de Cuiab\u00e1.<\/p>\n\n\n\n<p><strong>Situa\u00e7\u00e3o funcional irregular<\/strong><\/p>\n\n\n\n<p>O escriv\u00e3o tomou posse recentemente, mas sua nomea\u00e7\u00e3o est\u00e1 sub judice (pendente de decis\u00e3o judicial). Ele foi reprovado no Teste de Aptid\u00e3o F\u00edsica (TAF) durante o concurso p\u00fablico e conseguiu a posse por meio de liminar. Al\u00e9m disso, o servidor possui registro na Ordem dos Advogados do Brasil (OAB-MT) e j\u00e1 frequentava a Academia de Pol\u00edcia.<\/p>\n\n\n\n<p>A Pol\u00edcia Civil confirmou que o servidor est\u00e1 em situa\u00e7\u00e3o \u201csub judice\u201d por n\u00e3o ter sido considerado apto no TAF e informou que a Corregedoria foi acionada para analisar as den\u00fancias. Caso confirmada a autoria dos perfis, o caso pode configurar infra\u00e7\u00e3o disciplinar grave, especialmente pelo poss\u00edvel uso indevido da imagem institucional (farda\/uniforme).<\/p>\n\n\n\n<p>At\u00e9 o momento, n\u00e3o h\u00e1 informa\u00e7\u00e3o sobre afastamento preventivo do servidor nem posicionamento da defesa.<\/p>\n\n\n\n<p><strong>O que diz a institui\u00e7\u00e3o<\/strong><\/p>\n\n\n\n<p>A assessoria da Pol\u00edcia Civil de Mato Grosso afirmou que a Corregedoria vai instaurar procedimento administrativo para apurar os fatos e eventuais responsabilidades. A institui\u00e7\u00e3o refor\u00e7ou que o caso est\u00e1 sob investiga\u00e7\u00e3o interna.<\/p>\n\n\n\n<p>O escriv\u00e3o ainda n\u00e3o se manifestou publicamente sobre as acusa\u00e7\u00f5es.<\/p>\n","protected":false},"excerpt":{"rendered":"<p>A Corregedoria da Pol\u00edcia Judici\u00e1ria Civil de Mato Grosso (PJC-MT) abriu apura\u00e7\u00e3o para investigar um escriv\u00e3o de pol\u00edcia rec\u00e9m-empossado que teria mantido perfis ativos em sites de acompanhantes masculinos em Cuiab\u00e1. O servidor \u00e9 conhecido nos an\u00fancios pelo apelido \u201cPolicial Novinho\u201d. De acordo com as den\u00fancias, o jovem de 24 anos publicava fotos \u00edntimas e [&hellip;]<\/p>\n","protected":false},"author":1,"featured_media":8341,"comment_status":"open","ping_status":"open","sticky":false,"template":"","format":"standard","meta":{"footnotes":""},"categories":[18],"tags":[956],"class_list":["post-8340","post","type-post","status-publish","format-standard","has-post-thumbnail","hentry","category-estaduais","tag-importante"],"_links":{"self":[{"href":"https:\/\/diarionews.com.br\/index.php?rest_route=\/wp\/v2\/posts\/8340","targetHints":{"allow":["GET"]}}],"collection":[{"href":"https:\/\/diarionews.com.br\/index.php?rest_route=\/wp\/v2\/posts"}],"about":[{"href":"https:\/\/diarionews.com.br\/index.php?rest_route=\/wp\/v2\/types\/post"}],"author":[{"embeddable":true,"href":"https:\/\/diarionews.com.br\/index.php?rest_route=\/wp\/v2\/users\/1"}],"replies":[{"embeddable":true,"href":"https:\/\/diarionews.com.br\/index.php?rest_route=%2Fwp%2Fv2%2Fcomments&post=8340"}],"version-history":[{"count":1,"href":"https:\/\/diarionews.com.br\/index.php?rest_route=\/wp\/v2\/posts\/8340\/revisions"}],"predecessor-version":[{"id":8342,"href":"https:\/\/diarionews.com.br\/index.php?rest_route=\/wp\/v2\/posts\/8340\/revisions\/8342"}],"wp:featuredmedia":[{"embeddable":true,"href":"https:\/\/diarionews.com.br\/index.php?rest_route=\/wp\/v2\/media\/8341"}],"wp:attachment":[{"href":"https:\/\/diarionews.com.br\/index.php?rest_route=%2Fwp%2Fv2%2Fmedia&parent=8340"}],"wp:term":[{"taxonomy":"category","embeddable":true,"href":"https:\/\/diarionews.com.br\/index.php?rest_route=%2Fwp%2Fv2%2Fcategories&post=8340"},{"taxonomy":"post_tag","embeddable":true,"href":"https:\/\/diarionews.com.br\/index.php?rest_route=%2Fwp%2Fv2%2Ftags&post=8340"}],"curies":[{"name":"wp","href":"https:\/\/api.w.org\/{rel}","templated":true}]}}