{"id":8334,"date":"2026-04-29T10:16:00","date_gmt":"2026-04-29T14:16:00","guid":{"rendered":"https:\/\/diarionews.com.br\/?p=8334"},"modified":"2026-04-29T10:16:02","modified_gmt":"2026-04-29T14:16:02","slug":"setor-florestal-avanca-com-decisoes-na-4a-reuniao-do-cipem","status":"publish","type":"post","link":"https:\/\/diarionews.com.br\/?p=8334","title":{"rendered":"Setor florestal avan\u00e7a com decis\u00f5es na 4\u00aa reuni\u00e3o do CIPEM"},"content":{"rendered":"\n<p>A 4\u00aa Reuni\u00e3o Ordin\u00e1ria do CIPEM e IMAD \u2013 2026 reuniu lideran\u00e7as importantes que atuam diretamente no fortalecimento do setor de base florestal em Mato Grosso. O encontro, realizado no dia 16 de abril de 2026, destacou a presen\u00e7a de representantes que n\u00e3o apenas acompanham o desenvolvimento do segmento, mas tamb\u00e9m participam ativamente das decis\u00f5es estrat\u00e9gicas que impactam toda a cadeia produtiva.<\/p>\n\n\n\n<p>Entre os participantes, estiveram o presidente do SIMENORTE, Dioni Domiciano, e o empres\u00e1rio da base florestal Ednei Blasius, refor\u00e7ando o papel das lideran\u00e7as regionais no processo de constru\u00e7\u00e3o coletiva do setor. A participa\u00e7\u00e3o ativa desses nomes evidencia um ponto central defendido pelas entidades: quem constr\u00f3i o setor tamb\u00e9m deve estar presente nos espa\u00e7os de decis\u00e3o.<\/p>\n\n\n\n<p>Durante a reuni\u00e3o, foram debatidos temas considerados essenciais para o avan\u00e7o da atividade florestal, incluindo projetos estrat\u00e9gicos, alinhamentos institucionais, presta\u00e7\u00e3o de contas, pol\u00edticas p\u00fablicas e sustentabilidade, al\u00e9m da representatividade do setor. As discuss\u00f5es refletem a busca por maior integra\u00e7\u00e3o entre entidades e pelo fortalecimento das a\u00e7\u00f5es voltadas ao desenvolvimento sustent\u00e1vel e \u00e0 competitividade da ind\u00fastria.<\/p>\n\n\n\n<p>Mais do que um encontro institucional, a reuni\u00e3o consolidou decis\u00f5es com impacto direto em toda a cadeia produtiva da madeira. O SIMENORTE destacou sua atua\u00e7\u00e3o cont\u00ednua, reafirmando o compromisso com o futuro da base florestal e a participa\u00e7\u00e3o ativa nas pautas que definem os rumos do setor no estado.<\/p>\n","protected":false},"excerpt":{"rendered":"<p>A 4\u00aa Reuni\u00e3o Ordin\u00e1ria do CIPEM e IMAD \u2013 2026 reuniu lideran\u00e7as importantes que atuam diretamente no fortalecimento do setor de base florestal em Mato Grosso. O encontro, realizado no dia 16 de abril de 2026, destacou a presen\u00e7a de representantes que n\u00e3o apenas acompanham o desenvolvimento do segmento, mas tamb\u00e9m participam ativamente das decis\u00f5es [&hellip;]<\/p>\n","protected":false},"author":1,"featured_media":8335,"comment_status":"open","ping_status":"open","sticky":false,"template":"","format":"standard","meta":{"footnotes":""},"categories":[20,15],"tags":[],"class_list":["post-8334","post","type-post","status-publish","format-standard","has-post-thumbnail","hentry","category-economia","category-agropecuaria"],"_links":{"self":[{"href":"https:\/\/diarionews.com.br\/index.php?rest_route=\/wp\/v2\/posts\/8334","targetHints":{"allow":["GET"]}}],"collection":[{"href":"https:\/\/diarionews.com.br\/index.php?rest_route=\/wp\/v2\/posts"}],"about":[{"href":"https:\/\/diarionews.com.br\/index.php?rest_route=\/wp\/v2\/types\/post"}],"author":[{"embeddable":true,"href":"https:\/\/diarionews.com.br\/index.php?rest_route=\/wp\/v2\/users\/1"}],"replies":[{"embeddable":true,"href":"https:\/\/diarionews.com.br\/index.php?rest_route=%2Fwp%2Fv2%2Fcomments&post=8334"}],"version-history":[{"count":1,"href":"https:\/\/diarionews.com.br\/index.php?rest_route=\/wp\/v2\/posts\/8334\/revisions"}],"predecessor-version":[{"id":8336,"href":"https:\/\/diarionews.com.br\/index.php?rest_route=\/wp\/v2\/posts\/8334\/revisions\/8336"}],"wp:featuredmedia":[{"embeddable":true,"href":"https:\/\/diarionews.com.br\/index.php?rest_route=\/wp\/v2\/media\/8335"}],"wp:attachment":[{"href":"https:\/\/diarionews.com.br\/index.php?rest_route=%2Fwp%2Fv2%2Fmedia&parent=8334"}],"wp:term":[{"taxonomy":"category","embeddable":true,"href":"https:\/\/diarionews.com.br\/index.php?rest_route=%2Fwp%2Fv2%2Fcategories&post=8334"},{"taxonomy":"post_tag","embeddable":true,"href":"https:\/\/diarionews.com.br\/index.php?rest_route=%2Fwp%2Fv2%2Ftags&post=8334"}],"curies":[{"name":"wp","href":"https:\/\/api.w.org\/{rel}","templated":true}]}}