{"id":8331,"date":"2026-04-29T08:17:46","date_gmt":"2026-04-29T12:17:46","guid":{"rendered":"https:\/\/diarionews.com.br\/?p=8331"},"modified":"2026-04-29T08:17:47","modified_gmt":"2026-04-29T12:17:47","slug":"ai-e-f-dois-homens-sao-flagrados-em-ato-sexual-dentro-de-carro-em-lucas-do-rio-verde","status":"publish","type":"post","link":"https:\/\/diarionews.com.br\/?p=8331","title":{"rendered":"A\u00ed \u00e9 f&#8230; Dois homens s\u00e3o flagrados em ato sexual dentro de carro em Lucas do Rio Verde"},"content":{"rendered":"\n<p>Dois homens, de 27 e 55 anos, foram conduzidos \u00e0 Delegacia de Pol\u00edcia Civil ap\u00f3s serem flagrados praticando ato obsceno dentro de um ve\u00edculo estacionado em via p\u00fablica.<\/p>\n\n\n\n<p>O caso ocorreu na madrugada de s\u00e1bado, 25 de abril de 2026. Policiais militares realizavam rondas rotineiras quando avistaram um Volkswagen Voyage estacionado em local ermo, com os vidros emba\u00e7ados e far\u00f3is acesos. Ao se aproximarem, os agentes constataram que os dois ocupantes estavam completamente despidos e mantinham rela\u00e7\u00e3o sexual no interior do carro.<\/p>\n\n\n\n<p>Um dos homens, de 27 anos, reagiu \u00e0 abordagem policial com resist\u00eancia e descontentamento, sendo necess\u00e1rio algem\u00e1-lo para conten\u00e7\u00e3o. O segundo homem, de 55 anos, n\u00e3o ofereceu resist\u00eancia.<\/p>\n\n\n\n<p>A Pol\u00edcia Militar enquadrou a conduta como ato obsceno em lugar p\u00fablico (art. 233 do C\u00f3digo Penal), uma vez que o ato era vis\u00edvel a eventuais transeuntes. Os dois foram levados \u00e0 delegacia para registro do boletim de ocorr\u00eancia.<\/p>\n\n\n\n<p>O caso ganhou repercuss\u00e3o nas redes sociais e em portais de not\u00edcia de Mato Grosso, gerando debates sobre o limite entre a intimidade e a exposi\u00e7\u00e3o em via p\u00fablica.<\/p>\n\n\n\n<p>At\u00e9 o momento, n\u00e3o h\u00e1 informa\u00e7\u00f5es sobre eventuais puni\u00e7\u00f5es administrativas ou judiciais al\u00e9m do registro da ocorr\u00eancia.<\/p>\n","protected":false},"excerpt":{"rendered":"<p>Dois homens, de 27 e 55 anos, foram conduzidos \u00e0 Delegacia de Pol\u00edcia Civil ap\u00f3s serem flagrados praticando ato obsceno dentro de um ve\u00edculo estacionado em via p\u00fablica. O caso ocorreu na madrugada de s\u00e1bado, 25 de abril de 2026. Policiais militares realizavam rondas rotineiras quando avistaram um Volkswagen Voyage estacionado em local ermo, com [&hellip;]<\/p>\n","protected":false},"author":1,"featured_media":8332,"comment_status":"open","ping_status":"open","sticky":false,"template":"","format":"standard","meta":{"footnotes":""},"categories":[21],"tags":[],"class_list":["post-8331","post","type-post","status-publish","format-standard","has-post-thumbnail","hentry","category-regiao"],"_links":{"self":[{"href":"https:\/\/diarionews.com.br\/index.php?rest_route=\/wp\/v2\/posts\/8331","targetHints":{"allow":["GET"]}}],"collection":[{"href":"https:\/\/diarionews.com.br\/index.php?rest_route=\/wp\/v2\/posts"}],"about":[{"href":"https:\/\/diarionews.com.br\/index.php?rest_route=\/wp\/v2\/types\/post"}],"author":[{"embeddable":true,"href":"https:\/\/diarionews.com.br\/index.php?rest_route=\/wp\/v2\/users\/1"}],"replies":[{"embeddable":true,"href":"https:\/\/diarionews.com.br\/index.php?rest_route=%2Fwp%2Fv2%2Fcomments&post=8331"}],"version-history":[{"count":1,"href":"https:\/\/diarionews.com.br\/index.php?rest_route=\/wp\/v2\/posts\/8331\/revisions"}],"predecessor-version":[{"id":8333,"href":"https:\/\/diarionews.com.br\/index.php?rest_route=\/wp\/v2\/posts\/8331\/revisions\/8333"}],"wp:featuredmedia":[{"embeddable":true,"href":"https:\/\/diarionews.com.br\/index.php?rest_route=\/wp\/v2\/media\/8332"}],"wp:attachment":[{"href":"https:\/\/diarionews.com.br\/index.php?rest_route=%2Fwp%2Fv2%2Fmedia&parent=8331"}],"wp:term":[{"taxonomy":"category","embeddable":true,"href":"https:\/\/diarionews.com.br\/index.php?rest_route=%2Fwp%2Fv2%2Fcategories&post=8331"},{"taxonomy":"post_tag","embeddable":true,"href":"https:\/\/diarionews.com.br\/index.php?rest_route=%2Fwp%2Fv2%2Ftags&post=8331"}],"curies":[{"name":"wp","href":"https:\/\/api.w.org\/{rel}","templated":true}]}}