{"id":8329,"date":"2026-04-29T08:13:19","date_gmt":"2026-04-29T12:13:19","guid":{"rendered":"https:\/\/diarionews.com.br\/?p=8329"},"modified":"2026-04-29T08:13:24","modified_gmt":"2026-04-29T12:13:24","slug":"tse-cassa-governador-de-roraima-e-torna-denarium-inelegivel","status":"publish","type":"post","link":"https:\/\/diarionews.com.br\/?p=8329","title":{"rendered":"TSE cassa governador de Roraima e torna Denarium ineleg\u00edvel"},"content":{"rendered":"\n<p>O Tribunal Superior Eleitoral (TSE) decidiu, na noite de ter\u00e7a-feira (28 de abril de 2026), cassar o mandato do governador de Roraima, Edilson Dami\u00e3o, e declarar a inelegibilidade do ex-governador Antonio Denarium por oito anos. A decis\u00e3o foi tomada ap\u00f3s julgamento que analisou irregularidades nas elei\u00e7\u00f5es de 2022, envolvendo abuso de poder pol\u00edtico e econ\u00f4mico.<\/p>\n\n\n\n<p>De acordo com o julgamento, a Corte entendeu que houve desequil\u00edbrio no pleito eleitoral devido ao uso da m\u00e1quina p\u00fablica, incluindo programas sociais, para favorecer a chapa eleita. O placar registrado foi de maioria pela cassa\u00e7\u00e3o e unanimidade quanto \u00e0 inelegibilidade de Denarium, consolidando o entendimento dos ministros sobre a gravidade das irregularidades.<\/p>\n\n\n\n<p>Antonio Denarium, que havia renunciado ao cargo em mar\u00e7o deste ano para disputar uma vaga no Senado, segue atingido pela decis\u00e3o mesmo fora do governo. J\u00e1 Edilson Dami\u00e3o, que assumiu o comando do estado ap\u00f3s a ren\u00fancia, dever\u00e1 deixar o cargo assim que houver a formaliza\u00e7\u00e3o da decis\u00e3o, conforme os tr\u00e2mites legais.<\/p>\n\n\n\n<p>Com a cassa\u00e7\u00e3o da chapa eleita em 2022, o TSE determinou a realiza\u00e7\u00e3o de novas elei\u00e7\u00f5es diretas em Roraima. A medida busca restabelecer a normalidade institucional no estado ap\u00f3s a constata\u00e7\u00e3o das irregularidades eleitorais apontadas no processo.<\/p>\n\n\n\n<p>O caso teve origem em decis\u00f5es do Tribunal Regional Eleitoral de Roraima (TRE-RR), que j\u00e1 havia cassado os mandatos anteriormente. O processo chegou ao TSE por meio de recursos da defesa, sendo analisado ao longo de sess\u00f5es iniciadas ainda em 2024 e retomadas diversas vezes at\u00e9 a conclus\u00e3o do julgamento neste m\u00eas.<\/p>\n","protected":false},"excerpt":{"rendered":"<p>O Tribunal Superior Eleitoral (TSE) decidiu, na noite de ter\u00e7a-feira (28 de abril de 2026), cassar o mandato do governador de Roraima, Edilson Dami\u00e3o, e declarar a inelegibilidade do ex-governador Antonio Denarium por oito anos. A decis\u00e3o foi tomada ap\u00f3s julgamento que analisou irregularidades nas elei\u00e7\u00f5es de 2022, envolvendo abuso de poder pol\u00edtico e econ\u00f4mico. [&hellip;]<\/p>\n","protected":false},"author":1,"featured_media":7489,"comment_status":"open","ping_status":"open","sticky":false,"template":"","format":"standard","meta":{"footnotes":""},"categories":[19],"tags":[],"class_list":["post-8329","post","type-post","status-publish","format-standard","has-post-thumbnail","hentry","category-politica"],"_links":{"self":[{"href":"https:\/\/diarionews.com.br\/index.php?rest_route=\/wp\/v2\/posts\/8329","targetHints":{"allow":["GET"]}}],"collection":[{"href":"https:\/\/diarionews.com.br\/index.php?rest_route=\/wp\/v2\/posts"}],"about":[{"href":"https:\/\/diarionews.com.br\/index.php?rest_route=\/wp\/v2\/types\/post"}],"author":[{"embeddable":true,"href":"https:\/\/diarionews.com.br\/index.php?rest_route=\/wp\/v2\/users\/1"}],"replies":[{"embeddable":true,"href":"https:\/\/diarionews.com.br\/index.php?rest_route=%2Fwp%2Fv2%2Fcomments&post=8329"}],"version-history":[{"count":1,"href":"https:\/\/diarionews.com.br\/index.php?rest_route=\/wp\/v2\/posts\/8329\/revisions"}],"predecessor-version":[{"id":8330,"href":"https:\/\/diarionews.com.br\/index.php?rest_route=\/wp\/v2\/posts\/8329\/revisions\/8330"}],"wp:featuredmedia":[{"embeddable":true,"href":"https:\/\/diarionews.com.br\/index.php?rest_route=\/wp\/v2\/media\/7489"}],"wp:attachment":[{"href":"https:\/\/diarionews.com.br\/index.php?rest_route=%2Fwp%2Fv2%2Fmedia&parent=8329"}],"wp:term":[{"taxonomy":"category","embeddable":true,"href":"https:\/\/diarionews.com.br\/index.php?rest_route=%2Fwp%2Fv2%2Fcategories&post=8329"},{"taxonomy":"post_tag","embeddable":true,"href":"https:\/\/diarionews.com.br\/index.php?rest_route=%2Fwp%2Fv2%2Ftags&post=8329"}],"curies":[{"name":"wp","href":"https:\/\/api.w.org\/{rel}","templated":true}]}}