{"id":8327,"date":"2026-04-29T07:52:00","date_gmt":"2026-04-29T11:52:00","guid":{"rendered":"https:\/\/diarionews.com.br\/?p=8327"},"modified":"2026-04-29T06:55:59","modified_gmt":"2026-04-29T10:55:59","slug":"meningite-acende-alerta-em-mato-grosso-com-28-casos-confirmados-e-6-mortes-em-2026","status":"publish","type":"post","link":"https:\/\/diarionews.com.br\/?p=8327","title":{"rendered":"Meningite acende alerta em Mato Grosso com 28 casos confirmados e 6 mortes em 2026"},"content":{"rendered":"\n<p>Mato Grosso registra aumento preocupante de casos de meningite em 2026. At\u00e9 o fim de abril, a Secretaria de Estado de Sa\u00fade (SES-MT) confirmou 28 casos da doen\u00e7a, com 6 \u00f3bitos. Os n\u00fameros representam um cen\u00e1rio que tem mobilizado autoridades sanit\u00e1rias e fam\u00edlias no estado.<\/p>\n\n\n\n<p>Os casos est\u00e3o distribu\u00eddos em v\u00e1rias cidades, com destaque para Sinop, Cuiab\u00e1, Rondon\u00f3polis, Lucas do Rio Verde, C\u00e1ceres e Col\u00edder. Em Sinop, duas mortes recentes chamaram aten\u00e7\u00e3o: uma crian\u00e7a de 5 anos (Cec\u00edlia Emanuele de Melo), v\u00edtima de meningite tipo B, e uma adolescente de 13 anos.<\/p>\n\n\n\n<p>Em Cuiab\u00e1, a Secretaria Municipal de Sa\u00fade registrou 7 casos confirmados e 2 \u00f3bitos at\u00e9 o dia 21 de abril. Diante disso, a capital realizou um \u201cDia D\u201d de vacina\u00e7\u00e3o no dia 25 de abril para refor\u00e7ar a imuniza\u00e7\u00e3o, especialmente em crian\u00e7as e adolescentes.<\/p>\n\n\n\n<p>Embora as autoridades estaduais afirmem que ainda n\u00e3o h\u00e1 decreto de surto, o cen\u00e1rio \u00e9 tratado com aten\u00e7\u00e3o devido \u00e0 gravidade da doen\u00e7a, que pode evoluir rapidamente e deixar sequelas graves. Algumas mortes ocorreram em membros da mesma fam\u00edlia, o que refor\u00e7a a necessidade de vigil\u00e2ncia.<\/p>\n\n\n\n<p><strong>Outros estados<\/strong><\/p>\n\n\n\n<p>Aumento de casos de meningite tamb\u00e9m tem sido registrado em outras regi\u00f5es do Brasil em 2026:<\/p>\n\n\n\n<ul class=\"wp-block-list\">\n<li>Vale do Para\u00edba (SP): 33 casos e 3 mortes no primeiro trimestre.<\/li>\n\n\n\n<li>Pernambuco: 68 casos confirmados at\u00e9 in\u00edcio de abril (terceiro estado com mais casos no Nordeste).<\/li>\n\n\n\n<li>Goi\u00e1s: Entre 13 e 16 casos confirmados e at\u00e9 6 mortes, dependendo da atualiza\u00e7\u00e3o.<\/li>\n\n\n\n<li>Cear\u00e1: Registrou 8 mortes nos primeiros dois meses do ano.<\/li>\n<\/ul>\n\n\n\n<p>O Minist\u00e9rio da Sa\u00fade considera a meningite uma doen\u00e7a end\u00eamica no pa\u00eds, com maior incid\u00eancia em crian\u00e7as menores de 5 anos. As formas bacterianas (como meningoc\u00f3cica C e B) s\u00e3o as mais graves e respons\u00e1veis pela maioria dos \u00f3bitos.<\/p>\n\n\n\n<p>Especialistas destacam que a vacina\u00e7\u00e3o \u00e9 a principal forma de preven\u00e7\u00e3o. A vacina contra meningococo C est\u00e1 dispon\u00edvel gratuitamente no SUS para crian\u00e7as. J\u00e1 a vacina contra o tipo B (meningite B), respons\u00e1vel por alguns casos graves recentes, s\u00f3 est\u00e1 dispon\u00edvel na rede particular, com custo elevado (cerca de R$ 800 por dose).<\/p>\n\n\n\n<p>As Secretarias de Sa\u00fade recomendam que a popula\u00e7\u00e3o fique atenta aos sintomas principais: febre alta, dor de cabe\u00e7a intensa, rigidez na nuca, manchas roxas na pele, v\u00f4mitos e sonol\u00eancia excessiva. Em caso de suspeita, deve-se procurar atendimento m\u00e9dico imediatamente.<\/p>\n","protected":false},"excerpt":{"rendered":"<p>Mato Grosso registra aumento preocupante de casos de meningite em 2026. At\u00e9 o fim de abril, a Secretaria de Estado de Sa\u00fade (SES-MT) confirmou 28 casos da doen\u00e7a, com 6 \u00f3bitos. Os n\u00fameros representam um cen\u00e1rio que tem mobilizado autoridades sanit\u00e1rias e fam\u00edlias no estado. Os casos est\u00e3o distribu\u00eddos em v\u00e1rias cidades, com destaque para [&hellip;]<\/p>\n","protected":false},"author":1,"featured_media":8240,"comment_status":"open","ping_status":"open","sticky":false,"template":"","format":"standard","meta":{"footnotes":""},"categories":[2],"tags":[956],"class_list":["post-8327","post","type-post","status-publish","format-standard","has-post-thumbnail","hentry","category-saude","tag-importante"],"_links":{"self":[{"href":"https:\/\/diarionews.com.br\/index.php?rest_route=\/wp\/v2\/posts\/8327","targetHints":{"allow":["GET"]}}],"collection":[{"href":"https:\/\/diarionews.com.br\/index.php?rest_route=\/wp\/v2\/posts"}],"about":[{"href":"https:\/\/diarionews.com.br\/index.php?rest_route=\/wp\/v2\/types\/post"}],"author":[{"embeddable":true,"href":"https:\/\/diarionews.com.br\/index.php?rest_route=\/wp\/v2\/users\/1"}],"replies":[{"embeddable":true,"href":"https:\/\/diarionews.com.br\/index.php?rest_route=%2Fwp%2Fv2%2Fcomments&post=8327"}],"version-history":[{"count":1,"href":"https:\/\/diarionews.com.br\/index.php?rest_route=\/wp\/v2\/posts\/8327\/revisions"}],"predecessor-version":[{"id":8328,"href":"https:\/\/diarionews.com.br\/index.php?rest_route=\/wp\/v2\/posts\/8327\/revisions\/8328"}],"wp:featuredmedia":[{"embeddable":true,"href":"https:\/\/diarionews.com.br\/index.php?rest_route=\/wp\/v2\/media\/8240"}],"wp:attachment":[{"href":"https:\/\/diarionews.com.br\/index.php?rest_route=%2Fwp%2Fv2%2Fmedia&parent=8327"}],"wp:term":[{"taxonomy":"category","embeddable":true,"href":"https:\/\/diarionews.com.br\/index.php?rest_route=%2Fwp%2Fv2%2Fcategories&post=8327"},{"taxonomy":"post_tag","embeddable":true,"href":"https:\/\/diarionews.com.br\/index.php?rest_route=%2Fwp%2Fv2%2Ftags&post=8327"}],"curies":[{"name":"wp","href":"https:\/\/api.w.org\/{rel}","templated":true}]}}