{"id":8320,"date":"2026-04-29T06:44:47","date_gmt":"2026-04-29T10:44:47","guid":{"rendered":"https:\/\/diarionews.com.br\/?p=8320"},"modified":"2026-04-29T06:44:49","modified_gmt":"2026-04-29T10:44:49","slug":"zema-e-alvo-de-denuncia-por-trabalho-escravo-e-exploracao","status":"publish","type":"post","link":"https:\/\/diarionews.com.br\/?p=8320","title":{"rendered":"Zema \u00e9 alvo de den\u00fancia por trabalho escravo e explora\u00e7\u00e3o"},"content":{"rendered":"\n<p>O governador de Minas Gerais, Romeu Zema, passou a ser alvo de uma den\u00fancia encaminhada ao Minist\u00e9rio P\u00fablico do Trabalho (MPT) que aponta poss\u00edveis casos de trabalho an\u00e1logo \u00e0 escravid\u00e3o e explora\u00e7\u00e3o de aposentados ligados a estruturas do Grupo Zema. A representa\u00e7\u00e3o foi protocolada pelo deputado federal Rog\u00e9rio Correia e tamb\u00e9m enviada a outros \u00f3rg\u00e3os de controle para apura\u00e7\u00e3o de responsabilidades. <\/p>\n\n\n\n<p>De acordo com a den\u00fancia, um dos principais pontos envolve a situa\u00e7\u00e3o de 22 motoristas que prestavam servi\u00e7os vinculados ao centro de distribui\u00e7\u00e3o do grupo em Arax\u00e1 (MG). Segundo o documento, esses trabalhadores teriam sido submetidos a jornadas exaustivas que chegavam a at\u00e9 19 horas di\u00e1rias, condi\u00e7\u00e3o classificada como an\u00e1loga \u00e0 escravid\u00e3o. <\/p>\n\n\n\n<p>A representa\u00e7\u00e3o tamb\u00e9m sustenta que a responsabilidade n\u00e3o deve se limitar \u00e0 empresa terceirizada respons\u00e1vel pelos motoristas. H\u00e1 ind\u00edcios, segundo o parlamentar, de que os trabalhadores estavam inseridos diretamente na cadeia produtiva e log\u00edstica do grupo, com controle operacional dentro das estruturas da empresa, o que pode ampliar o alcance das investiga\u00e7\u00f5es. <\/p>\n\n\n\n<p>Outro eixo da den\u00fancia envolve a atua\u00e7\u00e3o da chamada Zema Financeira, ligada ao grupo familiar, na oferta de cr\u00e9dito consignado a aposentados, pensionistas e benefici\u00e1rios de programas sociais. O documento aponta risco de pr\u00e1ticas abusivas, destacando a vulnerabilidade desse p\u00fablico e o impacto direto dos descontos na renda, considerada essencial para subsist\u00eancia. <\/p>\n\n\n\n<p>Ao comentar o caso, Rog\u00e9rio Correia afirmou que as den\u00fancias levantam suspeitas graves. Segundo ele, h\u00e1 ind\u00edcios de \u201cfraude em contratos p\u00fablicos, trabalho escravo e explora\u00e7\u00e3o de aposentados\u201d, defendendo a necessidade de investiga\u00e7\u00e3o aprofundada sobre as pr\u00e1ticas atribu\u00eddas ao grupo empresarial. <\/p>\n\n\n\n<p>As representa\u00e7\u00f5es foram encaminhadas \u00e0 Procuradoria-Geral da Rep\u00fablica, ao Minist\u00e9rio P\u00fablico do Trabalho, ao Banco Central e a outros \u00f3rg\u00e3os fiscalizadores, com pedidos de apura\u00e7\u00e3o nas esferas civil, administrativa e criminal. At\u00e9 o momento, n\u00e3o houve manifesta\u00e7\u00e3o p\u00fablica do governo de Minas Gerais ou das empresas citadas sobre o teor das den\u00fancias. <\/p>\n","protected":false},"excerpt":{"rendered":"<p>O governador de Minas Gerais, Romeu Zema, passou a ser alvo de uma den\u00fancia encaminhada ao Minist\u00e9rio P\u00fablico do Trabalho (MPT) que aponta poss\u00edveis casos de trabalho an\u00e1logo \u00e0 escravid\u00e3o e explora\u00e7\u00e3o de aposentados ligados a estruturas do Grupo Zema. A representa\u00e7\u00e3o foi protocolada pelo deputado federal Rog\u00e9rio Correia e tamb\u00e9m enviada a outros \u00f3rg\u00e3os [&hellip;]<\/p>\n","protected":false},"author":1,"featured_media":8321,"comment_status":"open","ping_status":"open","sticky":false,"template":"","format":"standard","meta":{"footnotes":""},"categories":[12],"tags":[],"class_list":["post-8320","post","type-post","status-publish","format-standard","has-post-thumbnail","hentry","category-nacionais"],"_links":{"self":[{"href":"https:\/\/diarionews.com.br\/index.php?rest_route=\/wp\/v2\/posts\/8320","targetHints":{"allow":["GET"]}}],"collection":[{"href":"https:\/\/diarionews.com.br\/index.php?rest_route=\/wp\/v2\/posts"}],"about":[{"href":"https:\/\/diarionews.com.br\/index.php?rest_route=\/wp\/v2\/types\/post"}],"author":[{"embeddable":true,"href":"https:\/\/diarionews.com.br\/index.php?rest_route=\/wp\/v2\/users\/1"}],"replies":[{"embeddable":true,"href":"https:\/\/diarionews.com.br\/index.php?rest_route=%2Fwp%2Fv2%2Fcomments&post=8320"}],"version-history":[{"count":1,"href":"https:\/\/diarionews.com.br\/index.php?rest_route=\/wp\/v2\/posts\/8320\/revisions"}],"predecessor-version":[{"id":8322,"href":"https:\/\/diarionews.com.br\/index.php?rest_route=\/wp\/v2\/posts\/8320\/revisions\/8322"}],"wp:featuredmedia":[{"embeddable":true,"href":"https:\/\/diarionews.com.br\/index.php?rest_route=\/wp\/v2\/media\/8321"}],"wp:attachment":[{"href":"https:\/\/diarionews.com.br\/index.php?rest_route=%2Fwp%2Fv2%2Fmedia&parent=8320"}],"wp:term":[{"taxonomy":"category","embeddable":true,"href":"https:\/\/diarionews.com.br\/index.php?rest_route=%2Fwp%2Fv2%2Fcategories&post=8320"},{"taxonomy":"post_tag","embeddable":true,"href":"https:\/\/diarionews.com.br\/index.php?rest_route=%2Fwp%2Fv2%2Ftags&post=8320"}],"curies":[{"name":"wp","href":"https:\/\/api.w.org\/{rel}","templated":true}]}}