{"id":8318,"date":"2026-04-29T06:36:44","date_gmt":"2026-04-29T10:36:44","guid":{"rendered":"https:\/\/diarionews.com.br\/?p=8318"},"modified":"2026-04-29T06:36:47","modified_gmt":"2026-04-29T10:36:47","slug":"homem-e-preso-apos-crianca-de-5-anos-fugir-de-casa-pedindo-ajuda-em-alta-floresta","status":"publish","type":"post","link":"https:\/\/diarionews.com.br\/?p=8318","title":{"rendered":"Homem \u00e9 preso ap\u00f3s crian\u00e7a de 5 anos fugir de casa pedindo ajuda em Alta Floresta"},"content":{"rendered":"\n<p>Uma crian\u00e7a de apenas 5 anos fugiu de casa assustada e procurou ajuda da Pol\u00edcia Militar na noite desta ter\u00e7a-feira (28), no bairro Panorama, em Alta Floresta.<\/p>\n\n\n\n<p>Por volta das 22h30, uma guarni\u00e7\u00e3o do 8\u00ba BPM foi acionada por um vizinho que relatava ouvir gritos de crian\u00e7a e de adultos vindos de uma resid\u00eancia na Rua das Seringueiras. Ao chegar ao local, os policiais foram surpreendidos pela menina de 5 anos, que pulou o port\u00e3o e correu em dire\u00e7\u00e3o \u00e0 viatura.<\/p>\n\n\n\n<p>Visivelmente assustada, a crian\u00e7a contou aos policiais que um homem estava agredindo sua m\u00e3e dentro de casa e que ela havia visto uma faca. Com medo, a menina disse que jogou o objeto por cima da resid\u00eancia.<\/p>\n\n\n\n<p>Os policiais entraram na casa e encontraram a geladeira com a porta danificada, com sinais de arrombamento. Ao falar com a m\u00e3e da crian\u00e7a, ela negou estar sofrendo agress\u00e3o e afirmou que havia chegado em casa por volta das 18h.<\/p>\n\n\n\n<p>Diante da situa\u00e7\u00e3o, o Conselho Tutelar foi acionado e as conselheiras assumiram a guarda provis\u00f3ria da menor. O homem, identificado como A.A.P., de 48 anos, foi conduzido \u00e0 Delegacia da Mulher, da Crian\u00e7a e do Adolescente (DMPJC) para prestar esclarecimentos.<\/p>\n\n\n\n<p>A Pol\u00edcia Militar registrou o boletim de ocorr\u00eancia por suspeita de submeter crian\u00e7a ou adolescente a vexame, constrangimento e maus-tratos. N\u00e3o foram constatadas les\u00f5es corporais na crian\u00e7a.<\/p>\n\n\n\n<p>O caso segue em investiga\u00e7\u00e3o.<\/p>\n","protected":false},"excerpt":{"rendered":"<p>Uma crian\u00e7a de apenas 5 anos fugiu de casa assustada e procurou ajuda da Pol\u00edcia Militar na noite desta ter\u00e7a-feira (28), no bairro Panorama, em Alta Floresta. Por volta das 22h30, uma guarni\u00e7\u00e3o do 8\u00ba BPM foi acionada por um vizinho que relatava ouvir gritos de crian\u00e7a e de adultos vindos de uma resid\u00eancia na [&hellip;]<\/p>\n","protected":false},"author":1,"featured_media":7859,"comment_status":"open","ping_status":"open","sticky":false,"template":"","format":"standard","meta":{"footnotes":""},"categories":[14],"tags":[956],"class_list":["post-8318","post","type-post","status-publish","format-standard","has-post-thumbnail","hentry","category-policia","tag-importante"],"_links":{"self":[{"href":"https:\/\/diarionews.com.br\/index.php?rest_route=\/wp\/v2\/posts\/8318","targetHints":{"allow":["GET"]}}],"collection":[{"href":"https:\/\/diarionews.com.br\/index.php?rest_route=\/wp\/v2\/posts"}],"about":[{"href":"https:\/\/diarionews.com.br\/index.php?rest_route=\/wp\/v2\/types\/post"}],"author":[{"embeddable":true,"href":"https:\/\/diarionews.com.br\/index.php?rest_route=\/wp\/v2\/users\/1"}],"replies":[{"embeddable":true,"href":"https:\/\/diarionews.com.br\/index.php?rest_route=%2Fwp%2Fv2%2Fcomments&post=8318"}],"version-history":[{"count":1,"href":"https:\/\/diarionews.com.br\/index.php?rest_route=\/wp\/v2\/posts\/8318\/revisions"}],"predecessor-version":[{"id":8319,"href":"https:\/\/diarionews.com.br\/index.php?rest_route=\/wp\/v2\/posts\/8318\/revisions\/8319"}],"wp:featuredmedia":[{"embeddable":true,"href":"https:\/\/diarionews.com.br\/index.php?rest_route=\/wp\/v2\/media\/7859"}],"wp:attachment":[{"href":"https:\/\/diarionews.com.br\/index.php?rest_route=%2Fwp%2Fv2%2Fmedia&parent=8318"}],"wp:term":[{"taxonomy":"category","embeddable":true,"href":"https:\/\/diarionews.com.br\/index.php?rest_route=%2Fwp%2Fv2%2Fcategories&post=8318"},{"taxonomy":"post_tag","embeddable":true,"href":"https:\/\/diarionews.com.br\/index.php?rest_route=%2Fwp%2Fv2%2Ftags&post=8318"}],"curies":[{"name":"wp","href":"https:\/\/api.w.org\/{rel}","templated":true}]}}