{"id":8312,"date":"2026-04-29T06:20:28","date_gmt":"2026-04-29T10:20:28","guid":{"rendered":"https:\/\/diarionews.com.br\/?p=8312"},"modified":"2026-04-29T06:20:30","modified_gmt":"2026-04-29T10:20:30","slug":"policia-civil-da-posse-a-124-novos-investigadores-e-escrivaes-de-mato-grosso","status":"publish","type":"post","link":"https:\/\/diarionews.com.br\/?p=8312","title":{"rendered":"Pol\u00edcia Civil d\u00e1 posse a 124 novos investigadores e escriv\u00e3es de Mato Grosso"},"content":{"rendered":"\n<p>A Pol\u00edcia Civil promoveu nesta segunda-feira (27.4), a solenidade de posse dos 124 novos investigadores (55) e escriv\u00e3es (69) de Mato Grosso. O ato ocorreu no audit\u00f3rio da Secretaria de Estado de Planejamento (Seplag-MT), no Centro Pol\u00edtico Administrativo, em Cuiab\u00e1.<\/p>\n\n\n\n<figure class=\"wp-block-image\"><img decoding=\"async\" src=\"https:\/\/www.pjc.mt.gov.br\/documents\/d\/pjc\/9a3a7330-jpg?imageThumbnail=3\" alt=\"\"\/><\/figure>\n\n\n\n<p>De acordo com a delegada-geral da Pol\u00edcia Civil, Daniela Maidel, a solenidade representa um momento importante para a institui\u00e7\u00e3o, ao receber esses novos policiais e refor\u00e7ar a atua\u00e7\u00e3o operacional no interior do Estado. \u201cEsse refor\u00e7o policial, conforme nosso planejamento estrat\u00e9gico, ser\u00e1 lotado no interior do Estado, com \u00eanfase especial nas unidades que trabalham com viol\u00eancia dom\u00e9stica e no combate \u00e0s fac\u00e7\u00f5es criminosas\u201d, enfatizou Maidel.<\/p>\n\n\n\n<p>Ciente da responsabilidade ainda maior que a fun\u00e7\u00e3o exige, a escriv\u00e3 Priscila Meirelles disse estar bastante emocionada com a posse e com a futura atua\u00e7\u00e3o no cargo. \u201c\u00c9 uma vit\u00f3ria, uma conquista, sem sombra de d\u00favidas. J\u00e1 me sinto preparada e honrada em pertencer a essa importante institui\u00e7\u00e3o\u201d, afirmou.<\/p>\n\n\n\n<p>Para o secret\u00e1rio-adjunto de Seguran\u00e7a P\u00fablica, Rodrigo Bastos da Silva, o processo de planejamento e execu\u00e7\u00e3o do concurso foi fundamental para esse incremento no efetivo. \u201cFoi um trabalho longo de planejamento estrat\u00e9gico para alcan\u00e7armos esse resultado. Esse refor\u00e7o que a Pol\u00edcia Civil recebe vai somar sobremaneira na atua\u00e7\u00e3o junto \u00e0s unidades do interior do Estado\u201d, destacou Bastos, refor\u00e7ando a fala da delegada-geral sobre a atua\u00e7\u00e3o desses policiais nos munic\u00edpios do interior.<\/p>\n\n\n\n<figure class=\"wp-block-image\"><img decoding=\"async\" src=\"https:\/\/www.pjc.mt.gov.br\/documents\/d\/pjc\/9a3a7208-1-jpg?imageThumbnail=3\" alt=\"\"\/><\/figure>\n\n\n\n<p>Aprovado em outro concurso no Paran\u00e1, o investigador Vinicius Iori falou sobre a felicidade de retornar ao Estado de origem e poder servir na Pol\u00edcia Civil de Mato Grosso. \u201cEu estava servindo na Pol\u00edcia Civil do Paran\u00e1. Atuei l\u00e1 por alguns meses e ser\u00e1 uma felicidade imensa contribuir com a experi\u00eancia que adquiri, agora, na Pol\u00edcia Civil do meu estado\u201d, disse.<\/p>\n\n\n\n<p>Al\u00e9m do secret\u00e1rio-adjunto e da delegada-geral, a solenidade de posse contou com a presen\u00e7a da senadora Margareth Buzetti, al\u00e9m de outras autoridades da Pol\u00edcia Civil, de \u00f3rg\u00e3os de seguran\u00e7a e da sociedade civil organizada.<\/p>\n\n\n\n<p><strong>Aula inaugural<\/strong><\/p>\n\n\n\n<p>Logo ap\u00f3s a solenidade de posse, os 124 policiais civis participaram da aula inaugural. Na ocasi\u00e3o, a delegada-geral apresentou todo o corpo diretor da institui\u00e7\u00e3o incluindo o alto escal\u00e3o, delegados regionais e demais estruturas de dire\u00e7\u00e3o e coordena\u00e7\u00e3o do \u00f3rg\u00e3o.<\/p>\n\n\n\n<figure class=\"wp-block-image\"><img decoding=\"async\" src=\"https:\/\/www.pjc.mt.gov.br\/documents\/d\/pjc\/9a3a7191-jpg?imageThumbnail=3\" alt=\"\"\/><\/figure>\n\n\n\n<p>Durante a aula, os alunos tamb\u00e9m foram orientados sobre as expectativas da Pol\u00edcia Civil em rela\u00e7\u00e3o a cada profissional. \u201cN\u00f3s sabemos que a chegada \u00e9 sempre carregada de muita expectativa por parte dos novos policiais. Mas a institui\u00e7\u00e3o tamb\u00e9m tem essa mesma expectativa sobre o trabalho de todos que ingressam\u201d, disse Maidel, destacando a import\u00e2ncia da dedica\u00e7\u00e3o, do comprometimento e do respeito que cada policial deve ter com a institui\u00e7\u00e3o e com a sociedade.<\/p>\n\n\n\n<p>\u201cVoc\u00eas agora n\u00e3o carregam apenas o nome de voc\u00eas. A partir de agora, tamb\u00e9m carregam o nome da Pol\u00edcia Civil. Tudo o que fizerem refletir\u00e1 na imagem da institui\u00e7\u00e3o. Por isso, a import\u00e2ncia de reconhecer o valor que a Pol\u00edcia Civil possui e sustentar esse valor\u201d, frisou a delegada-geral, ao refor\u00e7ar a import\u00e2ncia da conduta do policial, dentro e fora da institui\u00e7\u00e3o.<\/p>\n\n\n\n<p><strong>Curso de Forma\u00e7\u00e3o Policial (CFP)<\/strong><\/p>\n\n\n\n<p>Conforme o diretor da Academia de Pol\u00edcia Civil (Acadepol), delegado Fausto Freitas, o Curso de Forma\u00e7\u00e3o Policial (CFP) inicia a partir desta ter\u00e7a-feira (28.4), na sede da Acadepol, situada na Av. Dr. Meirelles, n\u00ba 3823, no bairro S\u00e3o Jo\u00e3o Del Rei, em Cuiab\u00e1.<\/p>\n\n\n\n<figure class=\"wp-block-image\"><img decoding=\"async\" src=\"https:\/\/www.pjc.mt.gov.br\/documents\/d\/pjc\/9a3a7282-jpg?imageThumbnail=3\" alt=\"\"\/><\/figure>\n\n\n\n<p>A previs\u00e3o do CFP \u00e9 de aproximadamente seis meses. &#8220;O curso ter\u00e1 carga hor\u00e1ria de 856 horas-aula. Nesse per\u00edodo de forma\u00e7\u00e3o, os alunos v\u00e3o receber instru\u00e7\u00f5es que v\u00e3o habilit\u00e1-los a operar de forma t\u00e9cnica e qualificada, contribuindo para manuten\u00e7\u00e3o da Justi\u00e7a no nosso Estado, preservando, assim, a seguran\u00e7a da popula\u00e7\u00e3o&#8221;, disse Freitas.<br><br>Da assessoria<\/p>\n\n\n\n<p><\/p>\n","protected":false},"excerpt":{"rendered":"<p>A Pol\u00edcia Civil promoveu nesta segunda-feira (27.4), a solenidade de posse dos 124 novos investigadores (55) e escriv\u00e3es (69) de Mato Grosso. O ato ocorreu no audit\u00f3rio da Secretaria de Estado de Planejamento (Seplag-MT), no Centro Pol\u00edtico Administrativo, em Cuiab\u00e1. De acordo com a delegada-geral da Pol\u00edcia Civil, Daniela Maidel, a solenidade representa um momento [&hellip;]<\/p>\n","protected":false},"author":1,"featured_media":8313,"comment_status":"open","ping_status":"open","sticky":false,"template":"","format":"standard","meta":{"footnotes":""},"categories":[18],"tags":[],"class_list":["post-8312","post","type-post","status-publish","format-standard","has-post-thumbnail","hentry","category-estaduais"],"_links":{"self":[{"href":"https:\/\/diarionews.com.br\/index.php?rest_route=\/wp\/v2\/posts\/8312","targetHints":{"allow":["GET"]}}],"collection":[{"href":"https:\/\/diarionews.com.br\/index.php?rest_route=\/wp\/v2\/posts"}],"about":[{"href":"https:\/\/diarionews.com.br\/index.php?rest_route=\/wp\/v2\/types\/post"}],"author":[{"embeddable":true,"href":"https:\/\/diarionews.com.br\/index.php?rest_route=\/wp\/v2\/users\/1"}],"replies":[{"embeddable":true,"href":"https:\/\/diarionews.com.br\/index.php?rest_route=%2Fwp%2Fv2%2Fcomments&post=8312"}],"version-history":[{"count":1,"href":"https:\/\/diarionews.com.br\/index.php?rest_route=\/wp\/v2\/posts\/8312\/revisions"}],"predecessor-version":[{"id":8314,"href":"https:\/\/diarionews.com.br\/index.php?rest_route=\/wp\/v2\/posts\/8312\/revisions\/8314"}],"wp:featuredmedia":[{"embeddable":true,"href":"https:\/\/diarionews.com.br\/index.php?rest_route=\/wp\/v2\/media\/8313"}],"wp:attachment":[{"href":"https:\/\/diarionews.com.br\/index.php?rest_route=%2Fwp%2Fv2%2Fmedia&parent=8312"}],"wp:term":[{"taxonomy":"category","embeddable":true,"href":"https:\/\/diarionews.com.br\/index.php?rest_route=%2Fwp%2Fv2%2Fcategories&post=8312"},{"taxonomy":"post_tag","embeddable":true,"href":"https:\/\/diarionews.com.br\/index.php?rest_route=%2Fwp%2Fv2%2Ftags&post=8312"}],"curies":[{"name":"wp","href":"https:\/\/api.w.org\/{rel}","templated":true}]}}