{"id":8307,"date":"2026-04-29T10:10:00","date_gmt":"2026-04-29T14:10:00","guid":{"rendered":"https:\/\/diarionews.com.br\/?p=8307"},"modified":"2026-04-29T06:11:55","modified_gmt":"2026-04-29T10:11:55","slug":"hospital-de-colider-entrega-pronto-atendimento-ampliado","status":"publish","type":"post","link":"https:\/\/diarionews.com.br\/?p=8307","title":{"rendered":"Hospital de Col\u00edder entrega pronto atendimento ampliado"},"content":{"rendered":"\n<p>O Hospital Regional de Col\u00edder inaugurou, no \u00faltimo domingo (26), um novo Pronto Atendimento ampliado e reformado, refor\u00e7ando a estrutura de sa\u00fade na regi\u00e3o norte de Mato Grosso. A unidade, que \u00e9 gerida pela Secretaria de Estado de Sa\u00fade (SES-MT), passa por um processo cont\u00ednuo de moderniza\u00e7\u00e3o com foco na melhoria do atendimento \u00e0 popula\u00e7\u00e3o.<\/p>\n\n\n\n<p>O novo espa\u00e7o foi projetado para oferecer mais conforto e efici\u00eancia, contando com ambiente climatizado e estrutura adequada para atender a demanda regional. A iniciativa faz parte de um conjunto de investimentos que, desde 2019, j\u00e1 somam cerca de R$ 24 milh\u00f5es aplicados em obras no hospital, voltadas \u00e0 reestrutura\u00e7\u00e3o f\u00edsica e amplia\u00e7\u00e3o dos servi\u00e7os. <\/p>\n\n\n\n<p>De acordo com o secret\u00e1rio de Estado de Sa\u00fade, Juliano Melo, a entrega integra um plano mais amplo de qualifica\u00e7\u00e3o da rede p\u00fablica. \u201cEsta entrega demonstra o compromisso da gest\u00e3o estadual na moderniza\u00e7\u00e3o de todas as unidades hospitalares. O hospital est\u00e1 passando por v\u00e1rias etapas de melhoria, entre elas a estrutura f\u00edsica nos ambientes internos, nos \u00faltimos meses para atender a popula\u00e7\u00e3o da regi\u00e3o norte com o padr\u00e3o de excel\u00eancia da Secretaria\u201d, destacou.<\/p>\n\n\n\n<p>A diretora da unidade, Grazielle Guimar\u00e3es, afirmou que a nova ala representa um avan\u00e7o significativo para pacientes e profissionais. \u201c\u00c9 um marco que entrega modernidade, conforto e dignidade a todos que trabalham ou que buscam atendimento neste local. Em breve, teremos ainda mais novidades para fazer do Hospital Regional de Col\u00edder uma refer\u00eancia de cuidado, humanidade e esperan\u00e7a \u00e0 popula\u00e7\u00e3o\u201d, disse.<\/p>\n\n\n\n<p>Ela tamb\u00e9m ressaltou o papel dos profissionais de sa\u00fade na transforma\u00e7\u00e3o do atendimento. \u201cEssa nova hist\u00f3ria n\u00e3o se faz s\u00f3 com paredes e tecnologia. Ela se faz com todos os nossos profissionais. Aos que acordam antes do sol e dormem depois da lua para que ningu\u00e9m fique sem atendimento. Hoje, nos certificamos que aqui dentro n\u00e3o tratamos apenas as doen\u00e7as: acolhemos fam\u00edlias, devolvemos f\u00f4lego, enxugamos l\u00e1grimas e celebramos altas.\u201d<\/p>\n\n\n\n<p>A entrega do novo pronto atendimento refor\u00e7a a estrat\u00e9gia do Governo de Mato Grosso de investir na moderniza\u00e7\u00e3o dos hospitais regionais, com o objetivo de garantir estruturas mais eficientes, seguras e humanizadas para atender a popula\u00e7\u00e3o em diferentes regi\u00f5es do estado.<\/p>\n","protected":false},"excerpt":{"rendered":"<p>O Hospital Regional de Col\u00edder inaugurou, no \u00faltimo domingo (26), um novo Pronto Atendimento ampliado e reformado, refor\u00e7ando a estrutura de sa\u00fade na regi\u00e3o norte de Mato Grosso. A unidade, que \u00e9 gerida pela Secretaria de Estado de Sa\u00fade (SES-MT), passa por um processo cont\u00ednuo de moderniza\u00e7\u00e3o com foco na melhoria do atendimento \u00e0 popula\u00e7\u00e3o. [&hellip;]<\/p>\n","protected":false},"author":1,"featured_media":8308,"comment_status":"open","ping_status":"open","sticky":false,"template":"","format":"standard","meta":{"footnotes":""},"categories":[21,2],"tags":[956],"class_list":["post-8307","post","type-post","status-publish","format-standard","has-post-thumbnail","hentry","category-regiao","category-saude","tag-importante"],"_links":{"self":[{"href":"https:\/\/diarionews.com.br\/index.php?rest_route=\/wp\/v2\/posts\/8307","targetHints":{"allow":["GET"]}}],"collection":[{"href":"https:\/\/diarionews.com.br\/index.php?rest_route=\/wp\/v2\/posts"}],"about":[{"href":"https:\/\/diarionews.com.br\/index.php?rest_route=\/wp\/v2\/types\/post"}],"author":[{"embeddable":true,"href":"https:\/\/diarionews.com.br\/index.php?rest_route=\/wp\/v2\/users\/1"}],"replies":[{"embeddable":true,"href":"https:\/\/diarionews.com.br\/index.php?rest_route=%2Fwp%2Fv2%2Fcomments&post=8307"}],"version-history":[{"count":1,"href":"https:\/\/diarionews.com.br\/index.php?rest_route=\/wp\/v2\/posts\/8307\/revisions"}],"predecessor-version":[{"id":8309,"href":"https:\/\/diarionews.com.br\/index.php?rest_route=\/wp\/v2\/posts\/8307\/revisions\/8309"}],"wp:featuredmedia":[{"embeddable":true,"href":"https:\/\/diarionews.com.br\/index.php?rest_route=\/wp\/v2\/media\/8308"}],"wp:attachment":[{"href":"https:\/\/diarionews.com.br\/index.php?rest_route=%2Fwp%2Fv2%2Fmedia&parent=8307"}],"wp:term":[{"taxonomy":"category","embeddable":true,"href":"https:\/\/diarionews.com.br\/index.php?rest_route=%2Fwp%2Fv2%2Fcategories&post=8307"},{"taxonomy":"post_tag","embeddable":true,"href":"https:\/\/diarionews.com.br\/index.php?rest_route=%2Fwp%2Fv2%2Ftags&post=8307"}],"curies":[{"name":"wp","href":"https:\/\/api.w.org\/{rel}","templated":true}]}}