{"id":8300,"date":"2026-04-29T06:01:26","date_gmt":"2026-04-29T10:01:26","guid":{"rendered":"https:\/\/diarionews.com.br\/?p=8300"},"modified":"2026-04-29T06:01:28","modified_gmt":"2026-04-29T10:01:28","slug":"homem-ateia-fogo-na-propria-moto-durante-abordagem-da-pm-es-e-diz-nem-minha-nem-de-voces","status":"publish","type":"post","link":"https:\/\/diarionews.com.br\/?p=8300","title":{"rendered":"Homem ateia fogo na pr\u00f3pria moto durante abordagem da PM-ES e diz \u201cNem minha, nem de voc\u00eas\u201d"},"content":{"rendered":"\n<p>Um v\u00eddeo impactante registrado na tarde desta ter\u00e7a-feira (28) em Domingos Martins, na Regi\u00e3o Serrana do Esp\u00edrito Santo, viralizou rapidamente nas redes sociais.<\/p>\n\n\n\n<p>Nas imagens, \u00e9 poss\u00edvel ver um homem ateando fogo na pr\u00f3pria motocicleta durante uma abordagem da Pol\u00edcia Militar do Esp\u00edrito Santo (PM-ES). Antes de iniciar o inc\u00eandio, o homem teria dito a frase \u201cNem minha, nem de voc\u00eas\u201d, demonstrando clara inten\u00e7\u00e3o de destruir o ve\u00edculo para que ele n\u00e3o fosse apreendido pela pol\u00edcia.<\/p>\n\n\n\n<p>O incidente ocorreu na comunidade de Melga\u00e7o, distrito de Domingos Martins. De acordo com relatos, o homem pegou um gal\u00e3o de gasolina, jogou o l\u00edquido sobre a motocicleta e ateou fogo. Uma mulher que tentou impedir a a\u00e7\u00e3o chegou a ser atingida pelas chamas e caiu no ch\u00e3o.<\/p>\n\n\n\n<p>A cena foi registrada por c\u00e2meras de videomonitoramento e por testemunhas presentes no local. O fogo se espalhou rapidamente, causando grande tens\u00e3o no momento da abordagem.<\/p>\n\n\n\n<p>At\u00e9 o momento, a identidade do homem n\u00e3o foi divulgada oficialmente. A Pol\u00edcia Militar do Esp\u00edrito Santo ainda n\u00e3o se manifestou sobre o desfecho da ocorr\u00eancia, se o indiv\u00edduo foi preso ou se houve feridos graves.<\/p>\n\n\n\n<p>O caso gerou grande repercuss\u00e3o nas redes, com internautas divididos entre surpresa com a rea\u00e7\u00e3o extrema e debates sobre poss\u00edveis motivos que levariam algu\u00e9m a destruir o pr\u00f3prio bem diante da pol\u00edcia.<\/p>\n\n\n\n<hr class=\"wp-block-separator has-alpha-channel-opacity\"\/>\n\n\n\n<figure class=\"wp-block-video\"><video controls src=\"https:\/\/diarionews.com.br\/wp-content\/uploads\/2026\/04\/fiscaldofim_status_2049319120466821624_480x270.mp4\"><\/video><\/figure>\n","protected":false},"excerpt":{"rendered":"<p>Um v\u00eddeo impactante registrado na tarde desta ter\u00e7a-feira (28) em Domingos Martins, na Regi\u00e3o Serrana do Esp\u00edrito Santo, viralizou rapidamente nas redes sociais. Nas imagens, \u00e9 poss\u00edvel ver um homem ateando fogo na pr\u00f3pria motocicleta durante uma abordagem da Pol\u00edcia Militar do Esp\u00edrito Santo (PM-ES). Antes de iniciar o inc\u00eandio, o homem teria dito a [&hellip;]<\/p>\n","protected":false},"author":1,"featured_media":8302,"comment_status":"open","ping_status":"open","sticky":false,"template":"","format":"standard","meta":{"footnotes":""},"categories":[12],"tags":[956],"class_list":["post-8300","post","type-post","status-publish","format-standard","has-post-thumbnail","hentry","category-nacionais","tag-importante"],"_links":{"self":[{"href":"https:\/\/diarionews.com.br\/index.php?rest_route=\/wp\/v2\/posts\/8300","targetHints":{"allow":["GET"]}}],"collection":[{"href":"https:\/\/diarionews.com.br\/index.php?rest_route=\/wp\/v2\/posts"}],"about":[{"href":"https:\/\/diarionews.com.br\/index.php?rest_route=\/wp\/v2\/types\/post"}],"author":[{"embeddable":true,"href":"https:\/\/diarionews.com.br\/index.php?rest_route=\/wp\/v2\/users\/1"}],"replies":[{"embeddable":true,"href":"https:\/\/diarionews.com.br\/index.php?rest_route=%2Fwp%2Fv2%2Fcomments&post=8300"}],"version-history":[{"count":1,"href":"https:\/\/diarionews.com.br\/index.php?rest_route=\/wp\/v2\/posts\/8300\/revisions"}],"predecessor-version":[{"id":8303,"href":"https:\/\/diarionews.com.br\/index.php?rest_route=\/wp\/v2\/posts\/8300\/revisions\/8303"}],"wp:featuredmedia":[{"embeddable":true,"href":"https:\/\/diarionews.com.br\/index.php?rest_route=\/wp\/v2\/media\/8302"}],"wp:attachment":[{"href":"https:\/\/diarionews.com.br\/index.php?rest_route=%2Fwp%2Fv2%2Fmedia&parent=8300"}],"wp:term":[{"taxonomy":"category","embeddable":true,"href":"https:\/\/diarionews.com.br\/index.php?rest_route=%2Fwp%2Fv2%2Fcategories&post=8300"},{"taxonomy":"post_tag","embeddable":true,"href":"https:\/\/diarionews.com.br\/index.php?rest_route=%2Fwp%2Fv2%2Ftags&post=8300"}],"curies":[{"name":"wp","href":"https:\/\/api.w.org\/{rel}","templated":true}]}}