{"id":8277,"date":"2026-04-28T18:05:34","date_gmt":"2026-04-28T22:05:34","guid":{"rendered":"https:\/\/diarionews.com.br\/?p=8277"},"modified":"2026-04-28T18:05:36","modified_gmt":"2026-04-28T22:05:36","slug":"homem-e-flagrado-com-r-746-mil-em-dinheiro-vivo-e-diz-a-prf-que-pegou-o-valor-em-reuniao-do-podemos","status":"publish","type":"post","link":"https:\/\/diarionews.com.br\/?p=8277","title":{"rendered":"Homem \u00e9 flagrado com R$ 746 mil em dinheiro vivo e diz \u00e0 PRF que pegou o valor em reuni\u00e3o do Podemos"},"content":{"rendered":"\n<p>Um homem de 66 anos foi interceptado pela Pol\u00edcia Rodovi\u00e1ria Federal (PRF) transportando R$ 746 mil em esp\u00e9cie no banco traseiro de um Hyundai HB20 na Rodovia Fern\u00e3o Dias, em Vargem, interior de S\u00e3o Paulo.<\/p>\n\n\n\n<p>Segundo o registro da ocorr\u00eancia, obtido pelo Metr\u00f3poles, o passageiro do ve\u00edculo, identificado como Jos\u00e9 do Carmo Vieira, disse aos agentes que era \u201ccoordenador pol\u00edtico\u201d do partido Podemos. Ele afirmou que havia retirado o dinheiro durante uma reuni\u00e3o partid\u00e1ria realizada em S\u00e3o Paulo e que seguia para Minas Gerais para \u201cfazer alguns pagamentos\u201d. Vieira n\u00e3o soube explicar a origem exata do montante.<\/p>\n\n\n\n<p>O motorista do carro era Sergio Felipe, um policial civil aposentado de Minas Gerais. O flagrante ocorreu no dia 9 de abril de 2026, no km 7 da Fern\u00e3o Dias. O dinheiro estava guardado em uma caixa de papel\u00e3o.Os dois ocupantes e o ve\u00edculo foram encaminhados \u00e0 Pol\u00edcia Federal em Campinas. A PF investiga os suspeitos por poss\u00edvel lavagem de dinheiro e crime eleitoral.<\/p>\n\n\n\n<p>O caso ganhou grande repercuss\u00e3o nas redes sociais nesta ter\u00e7a-feira (28), especialmente ap\u00f3s o Podemos ter anunciado apoio ao governador Tarc\u00edsio de Freitas em S\u00e3o Paulo.<\/p>\n\n\n\n<p>At\u00e9 o momento, a dire\u00e7\u00e3o nacional do Podemos ainda n\u00e3o se manifestou oficialmente sobre o epis\u00f3dio.<br><\/p>\n\n\n\n<p>O texto acima foi produzido apartir de inform\u00e7\u00f5es do site Metropoles.<\/p>\n","protected":false},"excerpt":{"rendered":"<p>Um homem de 66 anos foi interceptado pela Pol\u00edcia Rodovi\u00e1ria Federal (PRF) transportando R$ 746 mil em esp\u00e9cie no banco traseiro de um Hyundai HB20 na Rodovia Fern\u00e3o Dias, em Vargem, interior de S\u00e3o Paulo. Segundo o registro da ocorr\u00eancia, obtido pelo Metr\u00f3poles, o passageiro do ve\u00edculo, identificado como Jos\u00e9 do Carmo Vieira, disse aos [&hellip;]<\/p>\n","protected":false},"author":1,"featured_media":8278,"comment_status":"open","ping_status":"open","sticky":false,"template":"","format":"standard","meta":{"footnotes":""},"categories":[19],"tags":[956],"class_list":["post-8277","post","type-post","status-publish","format-standard","has-post-thumbnail","hentry","category-politica","tag-importante"],"_links":{"self":[{"href":"https:\/\/diarionews.com.br\/index.php?rest_route=\/wp\/v2\/posts\/8277","targetHints":{"allow":["GET"]}}],"collection":[{"href":"https:\/\/diarionews.com.br\/index.php?rest_route=\/wp\/v2\/posts"}],"about":[{"href":"https:\/\/diarionews.com.br\/index.php?rest_route=\/wp\/v2\/types\/post"}],"author":[{"embeddable":true,"href":"https:\/\/diarionews.com.br\/index.php?rest_route=\/wp\/v2\/users\/1"}],"replies":[{"embeddable":true,"href":"https:\/\/diarionews.com.br\/index.php?rest_route=%2Fwp%2Fv2%2Fcomments&post=8277"}],"version-history":[{"count":1,"href":"https:\/\/diarionews.com.br\/index.php?rest_route=\/wp\/v2\/posts\/8277\/revisions"}],"predecessor-version":[{"id":8279,"href":"https:\/\/diarionews.com.br\/index.php?rest_route=\/wp\/v2\/posts\/8277\/revisions\/8279"}],"wp:featuredmedia":[{"embeddable":true,"href":"https:\/\/diarionews.com.br\/index.php?rest_route=\/wp\/v2\/media\/8278"}],"wp:attachment":[{"href":"https:\/\/diarionews.com.br\/index.php?rest_route=%2Fwp%2Fv2%2Fmedia&parent=8277"}],"wp:term":[{"taxonomy":"category","embeddable":true,"href":"https:\/\/diarionews.com.br\/index.php?rest_route=%2Fwp%2Fv2%2Fcategories&post=8277"},{"taxonomy":"post_tag","embeddable":true,"href":"https:\/\/diarionews.com.br\/index.php?rest_route=%2Fwp%2Fv2%2Ftags&post=8277"}],"curies":[{"name":"wp","href":"https:\/\/api.w.org\/{rel}","templated":true}]}}