{"id":8274,"date":"2026-04-28T18:00:23","date_gmt":"2026-04-28T22:00:23","guid":{"rendered":"https:\/\/diarionews.com.br\/?p=8274"},"modified":"2026-04-28T18:00:25","modified_gmt":"2026-04-28T22:00:25","slug":"investigacao-revela-que-operador-do-pcc-usou-heliponto-do-palacio-dos-bandeirantes-para-ir-a-jogo-no-morumbi-em-2022","status":"publish","type":"post","link":"https:\/\/diarionews.com.br\/?p=8274","title":{"rendered":"Investiga\u00e7\u00e3o revela que operador do PCC usou heliponto do Pal\u00e1cio dos Bandeirantes para ir a jogo no Morumbi em 2022"},"content":{"rendered":"\n<p>Uma investiga\u00e7\u00e3o da Pol\u00edcia Civil de S\u00e3o Paulo revelou que um empres\u00e1rio apontado como operador financeiro e lavador de dinheiro do PCC foi autorizado a pousar um helic\u00f3ptero no heliponto do Pal\u00e1cio dos Bandeirantes, sede do Governo do Estado, em mar\u00e7o de 2022.<\/p>\n\n\n\n<p>O homem, identificado como Jo\u00e3o Gabriel de Melo Yamawaki, utilizou o heliponto para assistir a um cl\u00e1ssico entre S\u00e3o Paulo e Palmeiras no Est\u00e1dio do Morumbi. A autoriza\u00e7\u00e3o foi concedida em poucas horas, por meio de contatos pol\u00edticos, com a justificativa de transporte de uma suposta \u201cdelega\u00e7\u00e3o japonesa\u201d, vers\u00e3o que os investigadores consideram falsa.<\/p>\n\n\n\n<p>O caso veio \u00e0 tona nesta segunda-feira (27), durante a Opera\u00e7\u00e3o Contaminatio, deflagrada pela Pol\u00edcia Civil para desarticular uma suposta rede de infiltra\u00e7\u00e3o do PCC em prefeituras da Grande S\u00e3o Paulo e do litoral. Yamawaki foi preso em mar\u00e7o de 2026 no Tocantins, acusado de envolvimento no transporte de 500 kg de coca\u00edna.<\/p>\n\n\n\n<p>A Pol\u00edcia Civil apura como um suspeito ligado \u00e0 maior fac\u00e7\u00e3o criminosa do pa\u00eds conseguiu acesso r\u00e1pido a uma estrutura de seguran\u00e7a do governo estadual. Na \u00e9poca do incidente, o governador era Jo\u00e3o Doria. Doria afirmou que n\u00e3o controla pessoalmente o heliponto, responsabilidade da Casa Militar.<\/p>\n\n\n\n<p>O atual governador, Tarc\u00edsio de Freitas, ainda n\u00e3o se manifestou publicamente sobre o epis\u00f3dio. O caso tem gerado forte repercuss\u00e3o nas redes sociais e cr\u00edticas \u00e0 proximidade entre o crime organizado e estruturas do poder p\u00fablico.<\/p>\n","protected":false},"excerpt":{"rendered":"<p>Uma investiga\u00e7\u00e3o da Pol\u00edcia Civil de S\u00e3o Paulo revelou que um empres\u00e1rio apontado como operador financeiro e lavador de dinheiro do PCC foi autorizado a pousar um helic\u00f3ptero no heliponto do Pal\u00e1cio dos Bandeirantes, sede do Governo do Estado, em mar\u00e7o de 2022. O homem, identificado como Jo\u00e3o Gabriel de Melo Yamawaki, utilizou o heliponto [&hellip;]<\/p>\n","protected":false},"author":1,"featured_media":8275,"comment_status":"open","ping_status":"open","sticky":false,"template":"","format":"standard","meta":{"footnotes":""},"categories":[12],"tags":[956],"class_list":["post-8274","post","type-post","status-publish","format-standard","has-post-thumbnail","hentry","category-nacionais","tag-importante"],"_links":{"self":[{"href":"https:\/\/diarionews.com.br\/index.php?rest_route=\/wp\/v2\/posts\/8274","targetHints":{"allow":["GET"]}}],"collection":[{"href":"https:\/\/diarionews.com.br\/index.php?rest_route=\/wp\/v2\/posts"}],"about":[{"href":"https:\/\/diarionews.com.br\/index.php?rest_route=\/wp\/v2\/types\/post"}],"author":[{"embeddable":true,"href":"https:\/\/diarionews.com.br\/index.php?rest_route=\/wp\/v2\/users\/1"}],"replies":[{"embeddable":true,"href":"https:\/\/diarionews.com.br\/index.php?rest_route=%2Fwp%2Fv2%2Fcomments&post=8274"}],"version-history":[{"count":1,"href":"https:\/\/diarionews.com.br\/index.php?rest_route=\/wp\/v2\/posts\/8274\/revisions"}],"predecessor-version":[{"id":8276,"href":"https:\/\/diarionews.com.br\/index.php?rest_route=\/wp\/v2\/posts\/8274\/revisions\/8276"}],"wp:featuredmedia":[{"embeddable":true,"href":"https:\/\/diarionews.com.br\/index.php?rest_route=\/wp\/v2\/media\/8275"}],"wp:attachment":[{"href":"https:\/\/diarionews.com.br\/index.php?rest_route=%2Fwp%2Fv2%2Fmedia&parent=8274"}],"wp:term":[{"taxonomy":"category","embeddable":true,"href":"https:\/\/diarionews.com.br\/index.php?rest_route=%2Fwp%2Fv2%2Fcategories&post=8274"},{"taxonomy":"post_tag","embeddable":true,"href":"https:\/\/diarionews.com.br\/index.php?rest_route=%2Fwp%2Fv2%2Ftags&post=8274"}],"curies":[{"name":"wp","href":"https:\/\/api.w.org\/{rel}","templated":true}]}}