{"id":8262,"date":"2026-04-28T06:25:44","date_gmt":"2026-04-28T10:25:44","guid":{"rendered":"https:\/\/diarionews.com.br\/?p=8262"},"modified":"2026-04-28T06:25:47","modified_gmt":"2026-04-28T10:25:47","slug":"motorista-adormece-ao-volante-e-causa-grave-acidente-na-mt-208-em-carlinda","status":"publish","type":"post","link":"https:\/\/diarionews.com.br\/?p=8262","title":{"rendered":"Motorista adormece ao volante e causa grave acidente na MT-208 em Carlinda"},"content":{"rendered":"\n<p>Um grave acidente de tr\u00e2nsito foi registrado na madrugada desta ter\u00e7a-feira (28), por volta das 00h30, na Rodovia MT-208, nas proximidades do Rio Quatro Pontes, entre os munic\u00edpios de Carlinda e Alta Floresta.<\/p>\n\n\n\n<p>A condutora de um ve\u00edculo, uma mulher de 47 anos, relatou \u00e0 Pol\u00edcia Militar que adormeceu enquanto dirigia. Ao despertar, j\u00e1 era tarde: seu carro invadiu a contram\u00e3o de dire\u00e7\u00e3o e colidiu frontalmente com outro ve\u00edculo que vinha em sentido contr\u00e1rio.<\/p>\n\n\n\n<p>O condutor do segundo ve\u00edculo, um homem de 23 anos, disse que retornava de um frete com destino a Alta Floresta e n\u00e3o conseguiu desviar a tempo para evitar a batida.<\/p>\n\n\n\n<p>A v\u00edtima de 47 anos ficou presa \u00e0s ferragens do carro. A equipe da concession\u00e1ria Via Brasil, que j\u00e1 estava no local, iniciou os trabalhos de resgate. Pouco depois, o Corpo de Bombeiros Militar chegou e, em conjunto com os socorristas, conseguiu retirar a mulher das ferragens. Ela foi encaminhada para atendimento m\u00e9dico no Hospital Regional de Alta Floresta.<\/p>\n\n\n\n<p>Durante o socorro, a rodovia precisou ser interditada para garantir a seguran\u00e7a das equipes. O ve\u00edculo envolvido no acidente (V1) foi removido por guincho da concession\u00e1ria, enquanto o segundo ve\u00edculo (V2) permaneceu no acostamento aguardando remo\u00e7\u00e3o.<\/p>\n\n\n\n<p>A Pol\u00edcia Militar registrou o boletim de ocorr\u00eancia por danos materiais e les\u00e3o corporal culposa na dire\u00e7\u00e3o de ve\u00edculo automotor. O caso foi encaminhado \u00e0 Delegacia de Pol\u00edcia Civil de Alta Floresta para investiga\u00e7\u00e3o.<\/p>\n","protected":false},"excerpt":{"rendered":"<p>Um grave acidente de tr\u00e2nsito foi registrado na madrugada desta ter\u00e7a-feira (28), por volta das 00h30, na Rodovia MT-208, nas proximidades do Rio Quatro Pontes, entre os munic\u00edpios de Carlinda e Alta Floresta. A condutora de um ve\u00edculo, uma mulher de 47 anos, relatou \u00e0 Pol\u00edcia Militar que adormeceu enquanto dirigia. Ao despertar, j\u00e1 era [&hellip;]<\/p>\n","protected":false},"author":1,"featured_media":7011,"comment_status":"open","ping_status":"open","sticky":false,"template":"","format":"standard","meta":{"footnotes":""},"categories":[14],"tags":[956],"class_list":["post-8262","post","type-post","status-publish","format-standard","has-post-thumbnail","hentry","category-policia","tag-importante"],"_links":{"self":[{"href":"https:\/\/diarionews.com.br\/index.php?rest_route=\/wp\/v2\/posts\/8262","targetHints":{"allow":["GET"]}}],"collection":[{"href":"https:\/\/diarionews.com.br\/index.php?rest_route=\/wp\/v2\/posts"}],"about":[{"href":"https:\/\/diarionews.com.br\/index.php?rest_route=\/wp\/v2\/types\/post"}],"author":[{"embeddable":true,"href":"https:\/\/diarionews.com.br\/index.php?rest_route=\/wp\/v2\/users\/1"}],"replies":[{"embeddable":true,"href":"https:\/\/diarionews.com.br\/index.php?rest_route=%2Fwp%2Fv2%2Fcomments&post=8262"}],"version-history":[{"count":1,"href":"https:\/\/diarionews.com.br\/index.php?rest_route=\/wp\/v2\/posts\/8262\/revisions"}],"predecessor-version":[{"id":8263,"href":"https:\/\/diarionews.com.br\/index.php?rest_route=\/wp\/v2\/posts\/8262\/revisions\/8263"}],"wp:featuredmedia":[{"embeddable":true,"href":"https:\/\/diarionews.com.br\/index.php?rest_route=\/wp\/v2\/media\/7011"}],"wp:attachment":[{"href":"https:\/\/diarionews.com.br\/index.php?rest_route=%2Fwp%2Fv2%2Fmedia&parent=8262"}],"wp:term":[{"taxonomy":"category","embeddable":true,"href":"https:\/\/diarionews.com.br\/index.php?rest_route=%2Fwp%2Fv2%2Fcategories&post=8262"},{"taxonomy":"post_tag","embeddable":true,"href":"https:\/\/diarionews.com.br\/index.php?rest_route=%2Fwp%2Fv2%2Ftags&post=8262"}],"curies":[{"name":"wp","href":"https:\/\/api.w.org\/{rel}","templated":true}]}}