{"id":8245,"date":"2026-04-28T07:14:00","date_gmt":"2026-04-28T11:14:00","guid":{"rendered":"https:\/\/diarionews.com.br\/?p=8245"},"modified":"2026-04-28T06:51:01","modified_gmt":"2026-04-28T10:51:01","slug":"stf-muda-regra-e-inclui-consignado-no-calculo-do-minimo-existencial","status":"publish","type":"post","link":"https:\/\/diarionews.com.br\/?p=8245","title":{"rendered":"STF muda regra e inclui consignado no c\u00e1lculo do m\u00ednimo existencial"},"content":{"rendered":"\n<p>O Supremo Tribunal Federal (STF) estabeleceu novos par\u00e2metros para o cr\u00e9dito consignado ao decidir que esse tipo de d\u00edvida deve ser inclu\u00eddo no c\u00e1lculo do chamado \u201cm\u00ednimo existencial\u201d. A decis\u00e3o foi tomada no julgamento conclu\u00eddo em 23 de abril de 2026, ao analisar regras relacionadas \u00e0 lei do superendividamento e decretos que regulamentam a prote\u00e7\u00e3o da renda de consumidores endividados.<\/p>\n\n\n\n<p>O m\u00ednimo existencial corresponde \u00e0 parcela da renda que deve ser preservada para garantir despesas b\u00e1sicas, como alimenta\u00e7\u00e3o, moradia e sa\u00fade. O STF manteve esse valor fixado em R$ 600, mas determinou que ele seja revisado periodicamente com base em estudos t\u00e9cnicos a serem realizados pelo Conselho Monet\u00e1rio Nacional (CMN). <\/p>\n\n\n\n<p>Um dos principais pontos da decis\u00e3o foi considerar inconstitucional a exclus\u00e3o do cr\u00e9dito consignado desse c\u00e1lculo. Para a maioria dos ministros, ignorar esse tipo de d\u00edvida criava uma distor\u00e7\u00e3o, j\u00e1 que as parcelas s\u00e3o descontadas diretamente do sal\u00e1rio ou benef\u00edcio, reduzindo efetivamente a renda dispon\u00edvel do consumidor. <\/p>\n\n\n\n<p>Com isso, o STF ampliou a prote\u00e7\u00e3o a pessoas em situa\u00e7\u00e3o de superendividamento, ao reconhecer que o consignado tamb\u00e9m compromete o or\u00e7amento mensal. A Corte tamb\u00e9m determinou que o governo federal e o CMN revisem regularmente as regras e crit\u00e9rios utilizados, garantindo que o valor preservado acompanhe as condi\u00e7\u00f5es econ\u00f4micas e sociais da popula\u00e7\u00e3o. <\/p>\n","protected":false},"excerpt":{"rendered":"<p>O Supremo Tribunal Federal (STF) estabeleceu novos par\u00e2metros para o cr\u00e9dito consignado ao decidir que esse tipo de d\u00edvida deve ser inclu\u00eddo no c\u00e1lculo do chamado \u201cm\u00ednimo existencial\u201d. A decis\u00e3o foi tomada no julgamento conclu\u00eddo em 23 de abril de 2026, ao analisar regras relacionadas \u00e0 lei do superendividamento e decretos que regulamentam a prote\u00e7\u00e3o [&hellip;]<\/p>\n","protected":false},"author":3,"featured_media":5146,"comment_status":"open","ping_status":"open","sticky":false,"template":"","format":"standard","meta":{"footnotes":""},"categories":[12],"tags":[],"class_list":["post-8245","post","type-post","status-publish","format-standard","has-post-thumbnail","hentry","category-nacionais"],"_links":{"self":[{"href":"https:\/\/diarionews.com.br\/index.php?rest_route=\/wp\/v2\/posts\/8245","targetHints":{"allow":["GET"]}}],"collection":[{"href":"https:\/\/diarionews.com.br\/index.php?rest_route=\/wp\/v2\/posts"}],"about":[{"href":"https:\/\/diarionews.com.br\/index.php?rest_route=\/wp\/v2\/types\/post"}],"author":[{"embeddable":true,"href":"https:\/\/diarionews.com.br\/index.php?rest_route=\/wp\/v2\/users\/3"}],"replies":[{"embeddable":true,"href":"https:\/\/diarionews.com.br\/index.php?rest_route=%2Fwp%2Fv2%2Fcomments&post=8245"}],"version-history":[{"count":1,"href":"https:\/\/diarionews.com.br\/index.php?rest_route=\/wp\/v2\/posts\/8245\/revisions"}],"predecessor-version":[{"id":8246,"href":"https:\/\/diarionews.com.br\/index.php?rest_route=\/wp\/v2\/posts\/8245\/revisions\/8246"}],"wp:featuredmedia":[{"embeddable":true,"href":"https:\/\/diarionews.com.br\/index.php?rest_route=\/wp\/v2\/media\/5146"}],"wp:attachment":[{"href":"https:\/\/diarionews.com.br\/index.php?rest_route=%2Fwp%2Fv2%2Fmedia&parent=8245"}],"wp:term":[{"taxonomy":"category","embeddable":true,"href":"https:\/\/diarionews.com.br\/index.php?rest_route=%2Fwp%2Fv2%2Fcategories&post=8245"},{"taxonomy":"post_tag","embeddable":true,"href":"https:\/\/diarionews.com.br\/index.php?rest_route=%2Fwp%2Fv2%2Ftags&post=8245"}],"curies":[{"name":"wp","href":"https:\/\/api.w.org\/{rel}","templated":true}]}}