{"id":8239,"date":"2026-04-28T06:18:18","date_gmt":"2026-04-28T10:18:18","guid":{"rendered":"https:\/\/diarionews.com.br\/?p=8239"},"modified":"2026-04-28T06:18:20","modified_gmt":"2026-04-28T10:18:20","slug":"meningite-volta-a-preocupar-mato-grosso-24-casos-confirmados-e-4-mortes-acendem-alerta","status":"publish","type":"post","link":"https:\/\/diarionews.com.br\/?p=8239","title":{"rendered":"Meningite volta a preocupar Mato Grosso: 24 casos confirmados e 4 mortes acendem alerta"},"content":{"rendered":"\n<p>Casos de meningite, especialmente as formas bacterianas mais graves, colocam as autoridades de sa\u00fade de Mato Grosso em estado de alerta. At\u00e9 a semana epidemiol\u00f3gica 14 (at\u00e9 4 de abril), a Secretaria de Estado de Sa\u00fade (SES-MT) registrou 24 casos confirmados da doen\u00e7a e outros 13 em investiga\u00e7\u00e3o. No mesmo per\u00edodo, foram confirmadas quatro mortes.<\/p>\n\n\n\n<p>As ocorr\u00eancias est\u00e3o espalhadas por v\u00e1rias regi\u00f5es do estado, com maior concentra\u00e7\u00e3o em Sinop, Cuiab\u00e1, Rondon\u00f3polis, Lucas do Rio Verde, Juscimeira e Sorriso. O que mais chama aten\u00e7\u00e3o \u00e9 a velocidade com que a doen\u00e7a evolui, principalmente em crian\u00e7as e adolescentes.<\/p>\n\n\n\n<p>Em Sinop, na regi\u00e3o norte, duas mortes recentes chocaram a popula\u00e7\u00e3o: uma menina de 5 anos (Cec\u00edlia Emanuelle) faleceu por meningite bacteriana do tipo B no dia 17 de abril. Dias depois, sua tia, a adolescente Izabella Vit\u00f3ria, de 13 anos, tamb\u00e9m morreu ap\u00f3s mais de nove dias internada em estado grave. Outros \u00f3bitos foram registrados em Cuiab\u00e1 (dois) e Juscimeira.<\/p>\n\n\n\n<p>A meningite bacteriana \u00e9 uma infec\u00e7\u00e3o grave que inflama as membranas que envolvem o c\u00e9rebro e a medula espinhal. Ela pode levar a sequelas neurol\u00f3gicas graves ou \u00e0 morte em poucas horas se n\u00e3o for tratada rapidamente. O tipo B, respons\u00e1vel por alguns dos casos mais recentes, \u00e9 particularmente agressivo e preocupa as fam\u00edlias porque a vacina espec\u00edfica contra ele n\u00e3o est\u00e1 dispon\u00edvel no calend\u00e1rio nacional do SUS.<\/p>\n\n\n\n<p>Sintomas que n\u00e3o podem ser ignorados<\/p>\n\n\n\n<p>As autoridades pedem que a popula\u00e7\u00e3o fique atenta aos principais sinais:<\/p>\n\n\n\n<p>Febre alta s\u00fabita<\/p>\n\n\n\n<p>Dor de cabe\u00e7a intensa<\/p>\n\n\n\n<p>Rigidez na nuca<\/p>\n\n\n\n<p>V\u00f4mitos<\/p>\n\n\n\n<p>Manchas roxas ou vermelhas na pele<\/p>\n\n\n\n<p>Sonol\u00eancia excessiva ou confus\u00e3o mental<\/p>\n\n\n\n<p>Em beb\u00eas e crian\u00e7as pequenas: choro inconsol\u00e1vel, irritabilidade, recusa de mamar e fontanela abaulada.<\/p>\n\n\n\n<p>O que est\u00e1 sendo feito<\/p>\n\n\n\n<p>Prefeituras de Cuiab\u00e1 e Sinop refor\u00e7aram a vacina\u00e7\u00e3o contra meningite C e ACWY (dispon\u00edveis gratuitamente no SUS), ampliaram a busca ativa de contatos e intensificaram o monitoramento. Em Sinop, aulas foram temporariamente suspensas em pelo menos uma escola ap\u00f3s a confirma\u00e7\u00e3o dos casos.<\/p>\n\n\n\n<p>A SES-MT refor\u00e7a que n\u00e3o h\u00e1 surto generalizado, mas classifica a situa\u00e7\u00e3o como de aten\u00e7\u00e3o elevada e pede que a popula\u00e7\u00e3o n\u00e3o hesite em procurar atendimento m\u00e9dico imediato ao identificar os sintomas.<\/p>\n\n\n\n<p>A recomenda\u00e7\u00e3o das autoridades \u00e9 clara: vacine as crian\u00e7as e adolescentes com as vacinas dispon\u00edveis no SUS e, se poss\u00edvel, consulte um m\u00e9dico sobre a vacina contra meningite B na rede particular. A preven\u00e7\u00e3o e o diagn\u00f3stico precoce continuam sendo as principais armas contra a doen\u00e7a.<\/p>\n\n\n\n<p>Qualquer d\u00favida ou sintoma, procure imediatamente uma Unidade de Sa\u00fade. A meningite n\u00e3o espera.<\/p>\n","protected":false},"excerpt":{"rendered":"<p>Casos de meningite, especialmente as formas bacterianas mais graves, colocam as autoridades de sa\u00fade de Mato Grosso em estado de alerta. At\u00e9 a semana epidemiol\u00f3gica 14 (at\u00e9 4 de abril), a Secretaria de Estado de Sa\u00fade (SES-MT) registrou 24 casos confirmados da doen\u00e7a e outros 13 em investiga\u00e7\u00e3o. No mesmo per\u00edodo, foram confirmadas quatro mortes. [&hellip;]<\/p>\n","protected":false},"author":3,"featured_media":8240,"comment_status":"open","ping_status":"open","sticky":false,"template":"","format":"standard","meta":{"footnotes":""},"categories":[2],"tags":[956,718],"class_list":["post-8239","post","type-post","status-publish","format-standard","has-post-thumbnail","hentry","category-saude","tag-importante","tag-matogrosso"],"_links":{"self":[{"href":"https:\/\/diarionews.com.br\/index.php?rest_route=\/wp\/v2\/posts\/8239","targetHints":{"allow":["GET"]}}],"collection":[{"href":"https:\/\/diarionews.com.br\/index.php?rest_route=\/wp\/v2\/posts"}],"about":[{"href":"https:\/\/diarionews.com.br\/index.php?rest_route=\/wp\/v2\/types\/post"}],"author":[{"embeddable":true,"href":"https:\/\/diarionews.com.br\/index.php?rest_route=\/wp\/v2\/users\/3"}],"replies":[{"embeddable":true,"href":"https:\/\/diarionews.com.br\/index.php?rest_route=%2Fwp%2Fv2%2Fcomments&post=8239"}],"version-history":[{"count":1,"href":"https:\/\/diarionews.com.br\/index.php?rest_route=\/wp\/v2\/posts\/8239\/revisions"}],"predecessor-version":[{"id":8241,"href":"https:\/\/diarionews.com.br\/index.php?rest_route=\/wp\/v2\/posts\/8239\/revisions\/8241"}],"wp:featuredmedia":[{"embeddable":true,"href":"https:\/\/diarionews.com.br\/index.php?rest_route=\/wp\/v2\/media\/8240"}],"wp:attachment":[{"href":"https:\/\/diarionews.com.br\/index.php?rest_route=%2Fwp%2Fv2%2Fmedia&parent=8239"}],"wp:term":[{"taxonomy":"category","embeddable":true,"href":"https:\/\/diarionews.com.br\/index.php?rest_route=%2Fwp%2Fv2%2Fcategories&post=8239"},{"taxonomy":"post_tag","embeddable":true,"href":"https:\/\/diarionews.com.br\/index.php?rest_route=%2Fwp%2Fv2%2Ftags&post=8239"}],"curies":[{"name":"wp","href":"https:\/\/api.w.org\/{rel}","templated":true}]}}