{"id":8236,"date":"2026-04-28T06:47:00","date_gmt":"2026-04-28T10:47:00","guid":{"rendered":"https:\/\/diarionews.com.br\/?p=8236"},"modified":"2026-04-28T06:51:12","modified_gmt":"2026-04-28T10:51:12","slug":"ataques-de-israel-matam-brasileiros-no-libano-confirma-itamaraty","status":"publish","type":"post","link":"https:\/\/diarionews.com.br\/?p=8236","title":{"rendered":"Ataques de Israel matam brasileiros no L\u00edbano, confirma Itamaraty"},"content":{"rendered":"\n<p>O Minist\u00e9rio das Rela\u00e7\u00f5es Exteriores confirmou, nesta segunda-feira (27.abr.2026), a morte de uma fam\u00edlia l\u00edbano-brasileira durante ataques realizados por Israel no L\u00edbano. O bombardeio ocorreu no domingo (26.abr), quando as For\u00e7as de Defesa de Israel atingiram a resid\u00eancia onde as v\u00edtimas estavam, no distrito de Bint Jeil, no sul do pa\u00eds. <\/p>\n\n\n\n<p>Entre os mortos est\u00e3o um homem, uma mulher e um menino de 11 anos. A mulher e a crian\u00e7a eram brasileiros, enquanto o pai era liban\u00eas. Um segundo filho do casal, tamb\u00e9m brasileiro, sobreviveu ao ataque e foi encaminhado a um hospital, segundo informa\u00e7\u00f5es do Itamaraty. <\/p>\n\n\n\n<p>De acordo com o governo brasileiro, a fam\u00edlia estava dentro de casa no momento em que o local foi atingido. O epis\u00f3dio ocorre em meio \u00e0 escalada de viol\u00eancia na regi\u00e3o, mesmo ap\u00f3s um cessar-fogo de 10 dias ter sido acordado em 16 de abril, com media\u00e7\u00e3o do presidente dos Estados Unidos, Donald Trump, e posteriormente prorrogado por mais uma semana.<\/p>\n\n\n\n<p>Em nota oficial, o Brasil manifestou pesar pelas mortes e condenou os ataques realizados durante o per\u00edodo de tr\u00e9gua, al\u00e9m de criticar a migra\u00e7\u00e3o for\u00e7ada de civis provocada pelo conflito. O Itamaraty informou ainda que mant\u00e9m contato com os familiares das v\u00edtimas para prestar assist\u00eancia consular.<\/p>\n","protected":false},"excerpt":{"rendered":"<p>O Minist\u00e9rio das Rela\u00e7\u00f5es Exteriores confirmou, nesta segunda-feira (27.abr.2026), a morte de uma fam\u00edlia l\u00edbano-brasileira durante ataques realizados por Israel no L\u00edbano. O bombardeio ocorreu no domingo (26.abr), quando as For\u00e7as de Defesa de Israel atingiram a resid\u00eancia onde as v\u00edtimas estavam, no distrito de Bint Jeil, no sul do pa\u00eds. Entre os mortos est\u00e3o [&hellip;]<\/p>\n","protected":false},"author":3,"featured_media":8237,"comment_status":"open","ping_status":"open","sticky":false,"template":"","format":"standard","meta":{"footnotes":""},"categories":[11],"tags":[],"class_list":["post-8236","post","type-post","status-publish","format-standard","has-post-thumbnail","hentry","category-mundo"],"_links":{"self":[{"href":"https:\/\/diarionews.com.br\/index.php?rest_route=\/wp\/v2\/posts\/8236","targetHints":{"allow":["GET"]}}],"collection":[{"href":"https:\/\/diarionews.com.br\/index.php?rest_route=\/wp\/v2\/posts"}],"about":[{"href":"https:\/\/diarionews.com.br\/index.php?rest_route=\/wp\/v2\/types\/post"}],"author":[{"embeddable":true,"href":"https:\/\/diarionews.com.br\/index.php?rest_route=\/wp\/v2\/users\/3"}],"replies":[{"embeddable":true,"href":"https:\/\/diarionews.com.br\/index.php?rest_route=%2Fwp%2Fv2%2Fcomments&post=8236"}],"version-history":[{"count":1,"href":"https:\/\/diarionews.com.br\/index.php?rest_route=\/wp\/v2\/posts\/8236\/revisions"}],"predecessor-version":[{"id":8238,"href":"https:\/\/diarionews.com.br\/index.php?rest_route=\/wp\/v2\/posts\/8236\/revisions\/8238"}],"wp:featuredmedia":[{"embeddable":true,"href":"https:\/\/diarionews.com.br\/index.php?rest_route=\/wp\/v2\/media\/8237"}],"wp:attachment":[{"href":"https:\/\/diarionews.com.br\/index.php?rest_route=%2Fwp%2Fv2%2Fmedia&parent=8236"}],"wp:term":[{"taxonomy":"category","embeddable":true,"href":"https:\/\/diarionews.com.br\/index.php?rest_route=%2Fwp%2Fv2%2Fcategories&post=8236"},{"taxonomy":"post_tag","embeddable":true,"href":"https:\/\/diarionews.com.br\/index.php?rest_route=%2Fwp%2Fv2%2Ftags&post=8236"}],"curies":[{"name":"wp","href":"https:\/\/api.w.org\/{rel}","templated":true}]}}