{"id":8233,"date":"2026-04-28T05:45:00","date_gmt":"2026-04-28T09:45:00","guid":{"rendered":"https:\/\/diarionews.com.br\/?p=8233"},"modified":"2026-04-28T06:19:20","modified_gmt":"2026-04-28T10:19:20","slug":"ccj-sabatina-jorge-messias-e-outras-duas-indicacoes-nesta-quarta","status":"publish","type":"post","link":"https:\/\/diarionews.com.br\/?p=8233","title":{"rendered":"CCJ sabatina Jorge Messias e outras duas indica\u00e7\u00f5es nesta quarta"},"content":{"rendered":"\n<p>A Comiss\u00e3o de Constitui\u00e7\u00e3o e Justi\u00e7a (CCJ) do Senado realiza, na pr\u00f3xima quarta-feira (29), uma s\u00e9rie de sabatinas que incluem o nome do advogado-geral da Uni\u00e3o, Jorge Messias, indicado para uma vaga no Supremo Tribunal Federal (STF). A sess\u00e3o tamb\u00e9m analisar\u00e1 outras duas indica\u00e7\u00f5es importantes para o Judici\u00e1rio e \u00f3rg\u00e3os essenciais \u00e0 Justi\u00e7a, refor\u00e7ando a agenda de avalia\u00e7\u00e3o de autoridades pelo Senado. <\/p>\n\n\n\n<p>Al\u00e9m de Messias, ser\u00e3o sabatinadas Margareth Rodrigues Costa, indicada para o cargo de ministra do Tribunal Superior do Trabalho (TST), e Tarcijany Linhares Aguiar Machado, indicada para assumir a chefia da Defensoria P\u00fablica da Uni\u00e3o (DPU). As tr\u00eas indica\u00e7\u00f5es integram o rito constitucional que exige aprova\u00e7\u00e3o do Senado ap\u00f3s avalia\u00e7\u00e3o t\u00e9cnica e pol\u00edtica dos nomes apresentados pela Presid\u00eancia da Rep\u00fablica. <\/p>\n\n\n\n<p>No caso de Jorge Messias, a indica\u00e7\u00e3o ocorre para ocupar a vaga aberta com a aposentadoria do ministro Lu\u00eds Roberto Barroso. O relat\u00f3rio apresentado pelo senador Weverton (PDT-MA) \u00e9 favor\u00e1vel ao nome, destacando sua forma\u00e7\u00e3o acad\u00eamica \u2014 com gradua\u00e7\u00e3o pela Universidade Federal de Pernambuco e doutorado pela Universidade de Bras\u00edlia \u2014 al\u00e9m de sua atua\u00e7\u00e3o como advogado-geral da Uni\u00e3o desde 2023. <\/p>\n\n\n\n<p>O relator tamb\u00e9m ressaltou a experi\u00eancia de Messias na administra\u00e7\u00e3o p\u00fablica, incluindo passagens pelo Banco Central, pela Fazenda Nacional, pela Casa Civil e pelo Minist\u00e9rio da Educa\u00e7\u00e3o, al\u00e9m de sua atua\u00e7\u00e3o em acordos relevantes, como o do Rio Doce e o de Alc\u00e2ntara. A expectativa, segundo Weverton, \u00e9 de que o indicado tenha apoio suficiente para alcan\u00e7ar ao menos 41 votos no Senado, n\u00famero necess\u00e1rio para aprova\u00e7\u00e3o. <\/p>\n\n\n\n<p>Apesar disso, a indica\u00e7\u00e3o n\u00e3o \u00e9 consenso. O l\u00edder da oposi\u00e7\u00e3o no Senado, Rog\u00e9rio Marinho (PL-RN), criticou o nome, afirmando que a escolha pode comprometer o equil\u00edbrio entre os Poderes. Ap\u00f3s a sabatina na CCJ, caso aprovado, o nome de Messias segue para vota\u00e7\u00e3o no Plen\u00e1rio, onde o processo ocorre de forma secreta e pode ser conclu\u00eddo ainda no mesmo dia, conforme a agenda prevista. <\/p>\n","protected":false},"excerpt":{"rendered":"<p>A Comiss\u00e3o de Constitui\u00e7\u00e3o e Justi\u00e7a (CCJ) do Senado realiza, na pr\u00f3xima quarta-feira (29), uma s\u00e9rie de sabatinas que incluem o nome do advogado-geral da Uni\u00e3o, Jorge Messias, indicado para uma vaga no Supremo Tribunal Federal (STF). A sess\u00e3o tamb\u00e9m analisar\u00e1 outras duas indica\u00e7\u00f5es importantes para o Judici\u00e1rio e \u00f3rg\u00e3os essenciais \u00e0 Justi\u00e7a, refor\u00e7ando a [&hellip;]<\/p>\n","protected":false},"author":3,"featured_media":8234,"comment_status":"open","ping_status":"open","sticky":false,"template":"","format":"standard","meta":{"footnotes":""},"categories":[12],"tags":[956],"class_list":["post-8233","post","type-post","status-publish","format-standard","has-post-thumbnail","hentry","category-nacionais","tag-importante"],"_links":{"self":[{"href":"https:\/\/diarionews.com.br\/index.php?rest_route=\/wp\/v2\/posts\/8233","targetHints":{"allow":["GET"]}}],"collection":[{"href":"https:\/\/diarionews.com.br\/index.php?rest_route=\/wp\/v2\/posts"}],"about":[{"href":"https:\/\/diarionews.com.br\/index.php?rest_route=\/wp\/v2\/types\/post"}],"author":[{"embeddable":true,"href":"https:\/\/diarionews.com.br\/index.php?rest_route=\/wp\/v2\/users\/3"}],"replies":[{"embeddable":true,"href":"https:\/\/diarionews.com.br\/index.php?rest_route=%2Fwp%2Fv2%2Fcomments&post=8233"}],"version-history":[{"count":1,"href":"https:\/\/diarionews.com.br\/index.php?rest_route=\/wp\/v2\/posts\/8233\/revisions"}],"predecessor-version":[{"id":8235,"href":"https:\/\/diarionews.com.br\/index.php?rest_route=\/wp\/v2\/posts\/8233\/revisions\/8235"}],"wp:featuredmedia":[{"embeddable":true,"href":"https:\/\/diarionews.com.br\/index.php?rest_route=\/wp\/v2\/media\/8234"}],"wp:attachment":[{"href":"https:\/\/diarionews.com.br\/index.php?rest_route=%2Fwp%2Fv2%2Fmedia&parent=8233"}],"wp:term":[{"taxonomy":"category","embeddable":true,"href":"https:\/\/diarionews.com.br\/index.php?rest_route=%2Fwp%2Fv2%2Fcategories&post=8233"},{"taxonomy":"post_tag","embeddable":true,"href":"https:\/\/diarionews.com.br\/index.php?rest_route=%2Fwp%2Fv2%2Ftags&post=8233"}],"curies":[{"name":"wp","href":"https:\/\/api.w.org\/{rel}","templated":true}]}}