{"id":8231,"date":"2026-04-27T15:16:31","date_gmt":"2026-04-27T19:16:31","guid":{"rendered":"https:\/\/diarionews.com.br\/?p=8231"},"modified":"2026-04-27T15:16:34","modified_gmt":"2026-04-27T19:16:34","slug":"alta-floresta-prepara-extensa-programacao-para-celebrar-seus-50-anos-de-fundacao","status":"publish","type":"post","link":"https:\/\/diarionews.com.br\/?p=8231","title":{"rendered":"Alta Floresta prepara extensa programa\u00e7\u00e3o para celebrar seus 50 anos de funda\u00e7\u00e3o"},"content":{"rendered":"\n<p>A Prefeitura de Alta Floresta, sob a gest\u00e3o do prefeito Valdemar Gamba (conhecido como Chico Gamba), e do vice-prefeito Robson Quintino, divulgou a programa\u00e7\u00e3o oficial das comemora\u00e7\u00f5es pelos 50 anos de funda\u00e7\u00e3o do munic\u00edpio. A data principal \u00e9 19 de maio de 2026, quando a cidade completar\u00e1 meio s\u00e9culo desde sua origem.<\/p>\n\n\n\n<p>Em convite oficial, o prefeito e o vice-prefeito destacam que as festividades ser\u00e3o \u201cum momento especial de celebra\u00e7\u00e3o, marcado por atividades que resgatam a hist\u00f3ria e valorizam o desenvolvimento da nossa cidade\u201d. O documento convida toda a popula\u00e7\u00e3o a participar:<\/p>\n\n\n\n<p>\u201cVoc\u00ea \u00e9 nosso convidado especial. Alta Floresta \u2013 19 de maio de 2026\u201d.<\/p>\n\n\n\n<p>Placas hist\u00f3ricas e slogan da cidade<\/p>\n\n\n\n<p>As imagens divulgadas no convite mostram placas de entrada da cidade em dois momentos distintos, a do in\u00edcio da coloniza\u00e7\u00e3o, com o slogan marcante de Alta Floresta e que faz parte dos s\u00edmbolos municipais, \u201cNada Resiste ao Trabalho\u201d, quando o munic\u00edpio, j\u00e1 na fase de emancipa\u00e7\u00e3o, possu\u00eda&nbsp; uma popula\u00e7\u00e3o de popula\u00e7\u00e3o de 23.073 habitantes e \u00e1rea de 45.000 km, a cidade era administrada por Wanderley Pereira, o primeiro prefeito.<\/p>\n\n\n\n<p>A outra placa \u00e9 atualizada, com dados do censo de 2025 (popula\u00e7\u00e3o de 62.158 habitantes e \u00e1rea de 8.955,409 km\u00b2), j\u00e1 sob Chico Gamba.<\/p>\n\n\n\n<p>A agenda de eventos abrange diversas \u00e1reas, esportiva, cultural, religiosa, gastron\u00f4mica e de lazer, e se estende de maio a junho de 2026.<\/p>\n\n\n\n<ul class=\"wp-block-list\">\n<li>1\u00ba a 3\/05 \u2013 Ta\u00e7a Mato Grosso de Futsal (19h \u2013 Gin\u00e1sio Geraldo Ramos)<\/li>\n\n\n\n<li>4 a 8\/05 \u2013 Jogos Escolares Municipais de Alta Floresta \u2013 JEAF (14h \u2013 Gin\u00e1sio Geraldo Ramos)<\/li>\n\n\n\n<li>7 a 9\/05 \u2013 Festival Gastron\u00f4mico \u201cSabores da Floresta\u201d (17h \u2013 Pra\u00e7a da Cultura)<\/li>\n\n\n\n<li>8 a 16\/05 \u2013 1\u00aa Copa Carlinhos Parafuso (19h \u2013 Gin\u00e1sio Geraldo Ramos)<\/li>\n\n\n\n<li>13 a 16\/06 \u2013 EXPOALTA 2026 (19h \u2013 Cond. Betel \u2013 Rod. MT-208)<\/li>\n<\/ul>\n\n\n\n<p>Eventos religiosos e culturais:<\/p>\n\n\n\n<ul class=\"wp-block-list\">\n<li>17\/05 \u2013 Missa em A\u00e7\u00e3o de Gra\u00e7as + Show \u201cCantores de Deus\u201d (17h \u2013 Pra\u00e7a da Cultura)<\/li>\n\n\n\n<li>18\/05 \u2013 Culto em A\u00e7\u00e3o de Gra\u00e7as + Show \u201cNani Azevedo\u201d (18h30 \u2013 Pra\u00e7a da Cultura)<\/li>\n<\/ul>\n\n\n\n<p>Dia do Anivers\u00e1rio \u2013 19 de maio:<\/p>\n\n\n\n<ul class=\"wp-block-list\">\n<li>Desfile C\u00edvico \u2013 Alta Floresta 50 anos (15h \u2013 Av. Ariosto da Riva)<\/li>\n\n\n\n<li>Corte do Bolo 50mts (17h30 \u2013 Pra\u00e7a da Cultura)<\/li>\n<\/ul>\n\n\n\n<p>Fim de maio e junho:<\/p>\n\n\n\n<ul class=\"wp-block-list\">\n<li>22 e 27\/05 \u2013 Jogos Regionais Estudantis Mato-grossenses \u2013 JOREMS (19h \u2013 Gin\u00e1sio Geraldo Ramos)<\/li>\n\n\n\n<li>24\/05 \u2013 Caminhada da Natureza (06h \u2013 Fazenda Anac\u00e3)<\/li>\n\n\n\n<li>30 e 31\/05 \u2013 Circuito Mato-grossense de MotoCross (Etapa Alta Floresta) (08h \u2013 Club B17 \u2013 MT 325)<\/li>\n<\/ul>\n\n\n\n<p>A programa\u00e7\u00e3o mescla eventos tradicionais (como desfile c\u00edvico e missa de a\u00e7\u00e3o de gra\u00e7as) com atra\u00e7\u00f5es esportivas, culturais e de lazer, incluindo a tradicional EXPOALTA, que promete ser um dos pontos altos das celebra\u00e7\u00f5es.<\/p>\n\n\n\n<p>A hist\u00f3ria:<\/p>\n\n\n\n<p>Alta Floresta, conhecida como \u201cA Menina dos Olhos do Mato Grosso\u201d, foi fundada em 19 de maio de 1976. Localizada a aproximadamente 791 km de Cuiab\u00e1, a cidade tem forte voca\u00e7\u00e3o para a agricultura, pecu\u00e1ria e explora\u00e7\u00e3o sustent\u00e1vel da floresta, al\u00e9m de ser um importante polo regional do norte do estado.<\/p>\n\n\n\n<p>A atual gest\u00e3o municipal tem utilizado as comemora\u00e7\u00f5es dos 50 anos tamb\u00e9m para destacar obras e avan\u00e7os na infraestrutura, com discuss\u00f5es sobre a constru\u00e7\u00e3o de um p\u00f3rtico de entrada monumental para marcar a data.<\/p>\n\n\n\n<p>A programa\u00e7\u00e3o completa est\u00e1 sendo divulgada pela Prefeitura de Alta Floresta e deve sofrer pequenos ajustes conforme a organiza\u00e7\u00e3o dos eventos. A popula\u00e7\u00e3o \u00e9 incentivada a acompanhar os detalhes oficiais nos canais da administra\u00e7\u00e3o municipal.<\/p>\n\n\n\n<p>As celebra\u00e7\u00f5es dos 50 anos representam um marco importante para a identidade local, resgatando a hist\u00f3ria de coloniza\u00e7\u00e3o e projetando o futuro de uma das cidades mais jovens e din\u00e2micas do Mato Grosso.<\/p>\n","protected":false},"excerpt":{"rendered":"<p>A Prefeitura de Alta Floresta, sob a gest\u00e3o do prefeito Valdemar Gamba (conhecido como Chico Gamba), e do vice-prefeito Robson Quintino, divulgou a programa\u00e7\u00e3o oficial das comemora\u00e7\u00f5es pelos 50 anos de funda\u00e7\u00e3o do munic\u00edpio. A data principal \u00e9 19 de maio de 2026, quando a cidade completar\u00e1 meio s\u00e9culo desde sua origem. Em convite oficial, [&hellip;]<\/p>\n","protected":false},"author":1,"featured_media":7820,"comment_status":"open","ping_status":"open","sticky":false,"template":"","format":"standard","meta":{"footnotes":""},"categories":[6],"tags":[89,956],"class_list":["post-8231","post","type-post","status-publish","format-standard","has-post-thumbnail","hentry","category-local","tag-altafloresta","tag-importante"],"_links":{"self":[{"href":"https:\/\/diarionews.com.br\/index.php?rest_route=\/wp\/v2\/posts\/8231","targetHints":{"allow":["GET"]}}],"collection":[{"href":"https:\/\/diarionews.com.br\/index.php?rest_route=\/wp\/v2\/posts"}],"about":[{"href":"https:\/\/diarionews.com.br\/index.php?rest_route=\/wp\/v2\/types\/post"}],"author":[{"embeddable":true,"href":"https:\/\/diarionews.com.br\/index.php?rest_route=\/wp\/v2\/users\/1"}],"replies":[{"embeddable":true,"href":"https:\/\/diarionews.com.br\/index.php?rest_route=%2Fwp%2Fv2%2Fcomments&post=8231"}],"version-history":[{"count":1,"href":"https:\/\/diarionews.com.br\/index.php?rest_route=\/wp\/v2\/posts\/8231\/revisions"}],"predecessor-version":[{"id":8232,"href":"https:\/\/diarionews.com.br\/index.php?rest_route=\/wp\/v2\/posts\/8231\/revisions\/8232"}],"wp:featuredmedia":[{"embeddable":true,"href":"https:\/\/diarionews.com.br\/index.php?rest_route=\/wp\/v2\/media\/7820"}],"wp:attachment":[{"href":"https:\/\/diarionews.com.br\/index.php?rest_route=%2Fwp%2Fv2%2Fmedia&parent=8231"}],"wp:term":[{"taxonomy":"category","embeddable":true,"href":"https:\/\/diarionews.com.br\/index.php?rest_route=%2Fwp%2Fv2%2Fcategories&post=8231"},{"taxonomy":"post_tag","embeddable":true,"href":"https:\/\/diarionews.com.br\/index.php?rest_route=%2Fwp%2Fv2%2Ftags&post=8231"}],"curies":[{"name":"wp","href":"https:\/\/api.w.org\/{rel}","templated":true}]}}