{"id":8227,"date":"2026-04-27T14:42:08","date_gmt":"2026-04-27T18:42:08","guid":{"rendered":"https:\/\/diarionews.com.br\/?p=8227"},"modified":"2026-04-27T14:42:10","modified_gmt":"2026-04-27T18:42:10","slug":"camara-aprova-oculos-gratuitos-e-amplia-debate-sobre-saude","status":"publish","type":"post","link":"https:\/\/diarionews.com.br\/?p=8227","title":{"rendered":"C\u00e2mara aprova \u00f3culos gratuitos e amplia debate sobre sa\u00fade"},"content":{"rendered":"\n<p>A 12\u00aa Sess\u00e3o Ordin\u00e1ria da C\u00e2mara de Alta Floresta, realizada em 24 de abril de 2026, teve a sa\u00fade p\u00fablica como um dos principais eixos das discuss\u00f5es, reunindo aprova\u00e7\u00e3o de projetos e apresenta\u00e7\u00e3o de novas propostas voltadas \u00e0 amplia\u00e7\u00e3o do atendimento \u00e0 popula\u00e7\u00e3o. As medidas analisadas durante a ordem do dia refor\u00e7am a busca por melhorias tanto na assist\u00eancia direta quanto na estrutura do sistema municipal.<\/p>\n\n\n\n<p>Entre os destaques, foi aprovada a reda\u00e7\u00e3o final do Projeto de Lei n\u00ba 2402\/2026, de autoria do Executivo, que institui o programa de distribui\u00e7\u00e3o gratuita de \u00f3culos de grau. A iniciativa \u00e9 direcionada a pessoas cadastradas no Cadastro \u00danico (CAD \u00danico), com foco em fam\u00edlias em situa\u00e7\u00e3o de vulnerabilidade social que necessitam de corre\u00e7\u00e3o visual, representando um al\u00edvio financeiro e um avan\u00e7o no acesso \u00e0 sa\u00fade b\u00e1sica.<\/p>\n\n\n\n<p>No campo das indica\u00e7\u00f5es parlamentares, novas demandas foram apresentadas com foco em preven\u00e7\u00e3o e atendimento. O vereador Douglas Teixeira protocolou a Indica\u00e7\u00e3o n\u00ba 174\/2026, solicitando a aquisi\u00e7\u00e3o de vacinas contra a meningite para disponibiliza\u00e7\u00e3o gratuita \u00e0 popula\u00e7\u00e3o. J\u00e1 a vereadora Elisa Gomes apresentou a Indica\u00e7\u00e3o n\u00ba 171\/2026, propondo a instala\u00e7\u00e3o de uma farm\u00e1cia b\u00e1sica na Unidade de Pronto Atendimento (UPA), especialmente para funcionamento em finais de semana e feriados, permitindo que pacientes atendidos nesses per\u00edodos j\u00e1 saiam com os medicamentos necess\u00e1rios.<\/p>\n\n\n\n<p>A sess\u00e3o tamb\u00e9m foi marcada por men\u00e7\u00f5es a avan\u00e7os estruturais na sa\u00fade regional. Foi destacada a inaugura\u00e7\u00e3o do Hospital Regional, que passa a contar com 40 leitos de UTI, incluindo 10 destinados ao p\u00fablico infantil e neonatal, al\u00e9m da atua\u00e7\u00e3o de um m\u00e9dico oncologista. Ainda durante os debates, a vereadora Elisa Gomes informou o recebimento de uma emenda de R$ 1 milh\u00e3o, sendo R$ 500 mil destinados especificamente \u00e0 sa\u00fade de pessoas com autismo no munic\u00edpio.<\/p>\n\n\n\n<p>Outras iniciativas tamb\u00e9m foram citadas pelos parlamentares, como a articula\u00e7\u00e3o de uma emenda de R$ 250 mil, mencionada pelo vereador Dida, para a aquisi\u00e7\u00e3o de motocicletas destinadas aos agentes comunit\u00e1rios de sa\u00fade da zona rural, facilitando o acesso \u00e0s comunidades mais distantes. J\u00e1 o vereador Chic\u00e3o relatou a sobrecarga no posto de sa\u00fade do bairro Boa Nova, onde uma \u00fanica m\u00e9dica chega a atender cerca de 30 pacientes por dia, solicitando a contrata\u00e7\u00e3o de mais um profissional para atender tamb\u00e9m moradores de bairros vizinhos, como o Santa Cec\u00edlia.<\/p>\n\n\n\n<p>Al\u00e9m das delibera\u00e7\u00f5es e discuss\u00f5es, a C\u00e2mara refor\u00e7ou campanhas institucionais de conscientiza\u00e7\u00e3o durante a sess\u00e3o, com destaque para a baixa cobertura vacinal no munic\u00edpio e a necessidade de eliminar focos do mosquito Aedes aegypti, transmissor da dengue. As mensagens enfatizaram a import\u00e2ncia da imuniza\u00e7\u00e3o, destacando que vacinar \u00e9 um ato de cuidado coletivo e fundamental para a prote\u00e7\u00e3o da comunidade.<\/p>\n","protected":false},"excerpt":{"rendered":"<p>A 12\u00aa Sess\u00e3o Ordin\u00e1ria da C\u00e2mara de Alta Floresta, realizada em 24 de abril de 2026, teve a sa\u00fade p\u00fablica como um dos principais eixos das discuss\u00f5es, reunindo aprova\u00e7\u00e3o de projetos e apresenta\u00e7\u00e3o de novas propostas voltadas \u00e0 amplia\u00e7\u00e3o do atendimento \u00e0 popula\u00e7\u00e3o. As medidas analisadas durante a ordem do dia refor\u00e7am a busca por [&hellip;]<\/p>\n","protected":false},"author":1,"featured_media":8228,"comment_status":"open","ping_status":"open","sticky":false,"template":"","format":"standard","meta":{"footnotes":""},"categories":[2],"tags":[956],"class_list":["post-8227","post","type-post","status-publish","format-standard","has-post-thumbnail","hentry","category-saude","tag-importante"],"_links":{"self":[{"href":"https:\/\/diarionews.com.br\/index.php?rest_route=\/wp\/v2\/posts\/8227","targetHints":{"allow":["GET"]}}],"collection":[{"href":"https:\/\/diarionews.com.br\/index.php?rest_route=\/wp\/v2\/posts"}],"about":[{"href":"https:\/\/diarionews.com.br\/index.php?rest_route=\/wp\/v2\/types\/post"}],"author":[{"embeddable":true,"href":"https:\/\/diarionews.com.br\/index.php?rest_route=\/wp\/v2\/users\/1"}],"replies":[{"embeddable":true,"href":"https:\/\/diarionews.com.br\/index.php?rest_route=%2Fwp%2Fv2%2Fcomments&post=8227"}],"version-history":[{"count":1,"href":"https:\/\/diarionews.com.br\/index.php?rest_route=\/wp\/v2\/posts\/8227\/revisions"}],"predecessor-version":[{"id":8229,"href":"https:\/\/diarionews.com.br\/index.php?rest_route=\/wp\/v2\/posts\/8227\/revisions\/8229"}],"wp:featuredmedia":[{"embeddable":true,"href":"https:\/\/diarionews.com.br\/index.php?rest_route=\/wp\/v2\/media\/8228"}],"wp:attachment":[{"href":"https:\/\/diarionews.com.br\/index.php?rest_route=%2Fwp%2Fv2%2Fmedia&parent=8227"}],"wp:term":[{"taxonomy":"category","embeddable":true,"href":"https:\/\/diarionews.com.br\/index.php?rest_route=%2Fwp%2Fv2%2Fcategories&post=8227"},{"taxonomy":"post_tag","embeddable":true,"href":"https:\/\/diarionews.com.br\/index.php?rest_route=%2Fwp%2Fv2%2Ftags&post=8227"}],"curies":[{"name":"wp","href":"https:\/\/api.w.org\/{rel}","templated":true}]}}