{"id":8217,"date":"2026-04-27T10:36:55","date_gmt":"2026-04-27T14:36:55","guid":{"rendered":"https:\/\/diarionews.com.br\/?p=8217"},"modified":"2026-04-27T10:36:57","modified_gmt":"2026-04-27T14:36:57","slug":"medico-e-acionado-por-receber-r-298-mil-sem-cumprir-jornada","status":"publish","type":"post","link":"https:\/\/diarionews.com.br\/?p=8217","title":{"rendered":"M\u00e9dico \u00e9 acionado por receber R$ 298 mil sem cumprir jornada"},"content":{"rendered":"\n<p>O Minist\u00e9rio P\u00fablico do Estado de Mato Grosso (MPMT) ingressou com uma a\u00e7\u00e3o civil p\u00fablica contra um m\u00e9dico da rede municipal de Cuiab\u00e1, identificado pelas iniciais A.F., acusado de receber quase R$ 300 mil dos cofres p\u00fablicos sem cumprir a carga hor\u00e1ria exigida. A medida foi assinada pelo promotor de Justi\u00e7a Cl\u00f3vis de Almeida Junior e aponta ind\u00edcios de improbidade administrativa, incluindo o pedido de bloqueio de bens do profissional.<\/p>\n\n\n\n<p>De acordo com a a\u00e7\u00e3o, protocolada na Vara Especializada em A\u00e7\u00f5es Coletivas, o m\u00e9dico recebeu ao longo de 2023 o valor bruto de R$ 298.628,82 sem a devida presta\u00e7\u00e3o de servi\u00e7os. O servidor atuava como m\u00e9dico e coordenador de UTI no Hospital e Pronto-Socorro Municipal de Cuiab\u00e1, com carga semanal de 20 horas, mas, segundo as investiga\u00e7\u00f5es, n\u00e3o cumpria a jornada estabelecida. <\/p>\n\n\n\n<p>Relat\u00f3rios do Grupo de Atua\u00e7\u00e3o Especial de Combate ao Crime Organizado (GAECO) apontam que, nos mesmos hor\u00e1rios em que deveria estar na unidade p\u00fablica, o profissional exercia atividades em um hospital privado da Capital. Ele teria sido flagrado diversas vezes entrando na unidade particular durante o expediente em que deveria estar a servi\u00e7o do munic\u00edpio. <\/p>\n\n\n\n<p>Os documentos reunidos indicam um padr\u00e3o cont\u00ednuo de aus\u00eancias ao longo de 2023. Em fevereiro, por exemplo, o m\u00e9dico trabalhou apenas 5h38, quando deveria cumprir 80 horas mensais, resultando em um d\u00e9ficit superior a 70 horas. J\u00e1 em junho, a situa\u00e7\u00e3o foi ainda mais cr\u00edtica, com apenas 5h51 trabalhadas diante de uma carga prevista de 88 horas. H\u00e1 ainda registros de meses com mais de 60 horas n\u00e3o cumpridas, refor\u00e7ando a tese de aus\u00eancia reiterada. <\/p>\n\n\n\n<p>Como justificativa, o profissional alegou que estaria em regime remoto por integrar grupo de risco durante a pandemia. No entanto, a Secretaria Municipal de Sa\u00fade informou que n\u00e3o h\u00e1 qualquer registro de autoriza\u00e7\u00e3o para trabalho remoto no per\u00edodo investigado e destacou que essa modalidade estava vedada em 2023. Al\u00e9m disso, o m\u00e9dico continuava atuando presencialmente na rede privada, o que enfraquece a argumenta\u00e7\u00e3o apresentada.<\/p>\n\n\n\n<p>Para o Minist\u00e9rio P\u00fablico, o caso configura dano ao er\u00e1rio e enriquecimento il\u00edcito, j\u00e1 que o servidor teria recebido valores p\u00fablicos sem a correspondente presta\u00e7\u00e3o de servi\u00e7o. Na a\u00e7\u00e3o, o \u00f3rg\u00e3o pede o bloqueio de bens at\u00e9 o limite de R$ 298 mil, a devolu\u00e7\u00e3o integral dos valores recebidos e a condena\u00e7\u00e3o por improbidade administrativa, com aplica\u00e7\u00e3o das penalidades previstas em lei. <\/p>\n","protected":false},"excerpt":{"rendered":"<p>O Minist\u00e9rio P\u00fablico do Estado de Mato Grosso (MPMT) ingressou com uma a\u00e7\u00e3o civil p\u00fablica contra um m\u00e9dico da rede municipal de Cuiab\u00e1, identificado pelas iniciais A.F., acusado de receber quase R$ 300 mil dos cofres p\u00fablicos sem cumprir a carga hor\u00e1ria exigida. A medida foi assinada pelo promotor de Justi\u00e7a Cl\u00f3vis de Almeida Junior [&hellip;]<\/p>\n","protected":false},"author":1,"featured_media":1242,"comment_status":"open","ping_status":"open","sticky":false,"template":"","format":"standard","meta":{"footnotes":""},"categories":[18],"tags":[956],"class_list":["post-8217","post","type-post","status-publish","format-standard","has-post-thumbnail","hentry","category-estaduais","tag-importante"],"_links":{"self":[{"href":"https:\/\/diarionews.com.br\/index.php?rest_route=\/wp\/v2\/posts\/8217","targetHints":{"allow":["GET"]}}],"collection":[{"href":"https:\/\/diarionews.com.br\/index.php?rest_route=\/wp\/v2\/posts"}],"about":[{"href":"https:\/\/diarionews.com.br\/index.php?rest_route=\/wp\/v2\/types\/post"}],"author":[{"embeddable":true,"href":"https:\/\/diarionews.com.br\/index.php?rest_route=\/wp\/v2\/users\/1"}],"replies":[{"embeddable":true,"href":"https:\/\/diarionews.com.br\/index.php?rest_route=%2Fwp%2Fv2%2Fcomments&post=8217"}],"version-history":[{"count":1,"href":"https:\/\/diarionews.com.br\/index.php?rest_route=\/wp\/v2\/posts\/8217\/revisions"}],"predecessor-version":[{"id":8218,"href":"https:\/\/diarionews.com.br\/index.php?rest_route=\/wp\/v2\/posts\/8217\/revisions\/8218"}],"wp:featuredmedia":[{"embeddable":true,"href":"https:\/\/diarionews.com.br\/index.php?rest_route=\/wp\/v2\/media\/1242"}],"wp:attachment":[{"href":"https:\/\/diarionews.com.br\/index.php?rest_route=%2Fwp%2Fv2%2Fmedia&parent=8217"}],"wp:term":[{"taxonomy":"category","embeddable":true,"href":"https:\/\/diarionews.com.br\/index.php?rest_route=%2Fwp%2Fv2%2Fcategories&post=8217"},{"taxonomy":"post_tag","embeddable":true,"href":"https:\/\/diarionews.com.br\/index.php?rest_route=%2Fwp%2Fv2%2Ftags&post=8217"}],"curies":[{"name":"wp","href":"https:\/\/api.w.org\/{rel}","templated":true}]}}