{"id":8213,"date":"2026-04-27T08:26:15","date_gmt":"2026-04-27T12:26:15","guid":{"rendered":"https:\/\/diarionews.com.br\/?p=8213"},"modified":"2026-04-27T08:26:16","modified_gmt":"2026-04-27T12:26:16","slug":"motorista-embriagado-causa-acidente-em-cruzamento-de-avenida","status":"publish","type":"post","link":"https:\/\/diarionews.com.br\/?p=8213","title":{"rendered":"Motorista embriagado causa acidente em cruzamento de avenida"},"content":{"rendered":"\n<p>Um acidente de tr\u00e2nsito foi registrado na Avenida Paran\u00e1, no cruzamento com a Rua Jos\u00e9 Gerotto de Medeiros, em Nova Cana\u00e3 do Norte, envolvendo dois ve\u00edculos e resultando em danos de grande monta. A ocorr\u00eancia foi atendida pela guarni\u00e7\u00e3o da Pol\u00edcia Militar ap\u00f3s comunica\u00e7\u00e3o sobre a colis\u00e3o, que mobilizou a equipe para deslocamento imediato at\u00e9 o local.<\/p>\n\n\n\n<p>De acordo com o relato do condutor do ve\u00edculo V1, um homem de 35 anos, ele trafegava pela Avenida Paran\u00e1 no sentido centro-bairro quando, ao atingir o cruzamento, foi surpreendido por um ve\u00edculo V2, de cor preta, que seguia pela Rua Jos\u00e9 Gerotto de Medeiros e teria avan\u00e7ado a via preferencial, ocasionando uma colis\u00e3o frontal. Com o impacto, o V1 ficou severamente danificado, sem condi\u00e7\u00f5es de funcionamento, permanecendo imobilizado na via.<\/p>\n\n\n\n<p>O condutor do V2, um homem de 41 anos identificado como Robson Pereira Lima, declarou aos policiais que havia ingerido bebida alco\u00f3lica durante o per\u00edodo vespertino e que n\u00e3o percebeu a aproxima\u00e7\u00e3o do outro ve\u00edculo ao atravessar o cruzamento. Segundo a equipe policial, o suspeito apresentava sinais vis\u00edveis de embriaguez, como odor et\u00edlico, fala excessiva e agita\u00e7\u00e3o. Ele tamb\u00e9m relatou dores no p\u00e9 direito, com incha\u00e7o, mas recusou atendimento m\u00e9dico no local.<\/p>\n\n\n\n<p>Ap\u00f3s a apura\u00e7\u00e3o dos fatos, o ve\u00edculo V1 permaneceu sob responsabilidade de seu condutor, enquanto o V2 foi entregue a um terceiro devidamente identificado. O boletim de acidente de tr\u00e2nsito foi confeccionado e o suspeito encaminhado \u00e0 Delegacia de Pol\u00edcia Civil para as provid\u00eancias cab\u00edveis, diante da constata\u00e7\u00e3o de condu\u00e7\u00e3o de ve\u00edculo automotor sob influ\u00eancia de \u00e1lcool.<\/p>\n","protected":false},"excerpt":{"rendered":"<p>Um acidente de tr\u00e2nsito foi registrado na Avenida Paran\u00e1, no cruzamento com a Rua Jos\u00e9 Gerotto de Medeiros, em Nova Cana\u00e3 do Norte, envolvendo dois ve\u00edculos e resultando em danos de grande monta. A ocorr\u00eancia foi atendida pela guarni\u00e7\u00e3o da Pol\u00edcia Militar ap\u00f3s comunica\u00e7\u00e3o sobre a colis\u00e3o, que mobilizou a equipe para deslocamento imediato at\u00e9 [&hellip;]<\/p>\n","protected":false},"author":1,"featured_media":8214,"comment_status":"open","ping_status":"open","sticky":false,"template":"","format":"standard","meta":{"footnotes":""},"categories":[21],"tags":[956],"class_list":["post-8213","post","type-post","status-publish","format-standard","has-post-thumbnail","hentry","category-regiao","tag-importante"],"_links":{"self":[{"href":"https:\/\/diarionews.com.br\/index.php?rest_route=\/wp\/v2\/posts\/8213","targetHints":{"allow":["GET"]}}],"collection":[{"href":"https:\/\/diarionews.com.br\/index.php?rest_route=\/wp\/v2\/posts"}],"about":[{"href":"https:\/\/diarionews.com.br\/index.php?rest_route=\/wp\/v2\/types\/post"}],"author":[{"embeddable":true,"href":"https:\/\/diarionews.com.br\/index.php?rest_route=\/wp\/v2\/users\/1"}],"replies":[{"embeddable":true,"href":"https:\/\/diarionews.com.br\/index.php?rest_route=%2Fwp%2Fv2%2Fcomments&post=8213"}],"version-history":[{"count":1,"href":"https:\/\/diarionews.com.br\/index.php?rest_route=\/wp\/v2\/posts\/8213\/revisions"}],"predecessor-version":[{"id":8215,"href":"https:\/\/diarionews.com.br\/index.php?rest_route=\/wp\/v2\/posts\/8213\/revisions\/8215"}],"wp:featuredmedia":[{"embeddable":true,"href":"https:\/\/diarionews.com.br\/index.php?rest_route=\/wp\/v2\/media\/8214"}],"wp:attachment":[{"href":"https:\/\/diarionews.com.br\/index.php?rest_route=%2Fwp%2Fv2%2Fmedia&parent=8213"}],"wp:term":[{"taxonomy":"category","embeddable":true,"href":"https:\/\/diarionews.com.br\/index.php?rest_route=%2Fwp%2Fv2%2Fcategories&post=8213"},{"taxonomy":"post_tag","embeddable":true,"href":"https:\/\/diarionews.com.br\/index.php?rest_route=%2Fwp%2Fv2%2Ftags&post=8213"}],"curies":[{"name":"wp","href":"https:\/\/api.w.org\/{rel}","templated":true}]}}