{"id":8210,"date":"2026-04-26T10:21:19","date_gmt":"2026-04-26T14:21:19","guid":{"rendered":"https:\/\/diarionews.com.br\/?p=8210"},"modified":"2026-04-27T08:23:44","modified_gmt":"2026-04-27T12:23:44","slug":"ciclista-fica-ferido-apos-colidir-contra-poste-em-alta-floresta","status":"publish","type":"post","link":"https:\/\/diarionews.com.br\/?p=8210","title":{"rendered":"Ciclista fica ferido ap\u00f3s colidir contra poste em Alta Floresta"},"content":{"rendered":"\n<p>Um acidente de tr\u00e2nsito envolvendo uma bicicleta foi registrado na noite do dia 25 de abril de 2026, por volta das 21h45, na Avenida Ariosto da Riva, em Alta Floresta. A ocorr\u00eancia foi atendida por uma guarni\u00e7\u00e3o de servi\u00e7o, que prestou socorro a um homem de 29 anos.<\/p>\n\n\n\n<p>De acordo com as informa\u00e7\u00f5es, o ciclista colidiu contra um poste de eletricidade enquanto transitava pela via. Ao chegarem ao local, os socorristas encontraram a v\u00edtima sentada, consciente e orientada, apresentando queixas de dor na regi\u00e3o parietal do cr\u00e2nio.<\/p>\n\n\n\n<p>A equipe constatou a presen\u00e7a de um corte contuso na cabe\u00e7a, decorrente do impacto. Diante da situa\u00e7\u00e3o, foram realizados os procedimentos de primeiros socorros, incluindo a imobiliza\u00e7\u00e3o da v\u00edtima para evitar agravamento de poss\u00edveis les\u00f5es.<\/p>\n\n\n\n<p>Ap\u00f3s o atendimento inicial, o homem foi encaminhado ao Pronto Atendimento Municipal, onde ficou sob os cuidados da equipe m\u00e9dica de plant\u00e3o. As circunst\u00e2ncias do acidente n\u00e3o foram detalhadas no registro da ocorr\u00eancia.<\/p>\n","protected":false},"excerpt":{"rendered":"<p>Um acidente de tr\u00e2nsito envolvendo uma bicicleta foi registrado na noite do dia 25 de abril de 2026, por volta das 21h45, na Avenida Ariosto da Riva, em Alta Floresta. A ocorr\u00eancia foi atendida por uma guarni\u00e7\u00e3o de servi\u00e7o, que prestou socorro a um homem de 29 anos. De acordo com as informa\u00e7\u00f5es, o ciclista [&hellip;]<\/p>\n","protected":false},"author":1,"featured_media":8211,"comment_status":"open","ping_status":"open","sticky":false,"template":"","format":"standard","meta":{"footnotes":""},"categories":[14],"tags":[],"class_list":["post-8210","post","type-post","status-publish","format-standard","has-post-thumbnail","hentry","category-policia"],"_links":{"self":[{"href":"https:\/\/diarionews.com.br\/index.php?rest_route=\/wp\/v2\/posts\/8210","targetHints":{"allow":["GET"]}}],"collection":[{"href":"https:\/\/diarionews.com.br\/index.php?rest_route=\/wp\/v2\/posts"}],"about":[{"href":"https:\/\/diarionews.com.br\/index.php?rest_route=\/wp\/v2\/types\/post"}],"author":[{"embeddable":true,"href":"https:\/\/diarionews.com.br\/index.php?rest_route=\/wp\/v2\/users\/1"}],"replies":[{"embeddable":true,"href":"https:\/\/diarionews.com.br\/index.php?rest_route=%2Fwp%2Fv2%2Fcomments&post=8210"}],"version-history":[{"count":1,"href":"https:\/\/diarionews.com.br\/index.php?rest_route=\/wp\/v2\/posts\/8210\/revisions"}],"predecessor-version":[{"id":8212,"href":"https:\/\/diarionews.com.br\/index.php?rest_route=\/wp\/v2\/posts\/8210\/revisions\/8212"}],"wp:featuredmedia":[{"embeddable":true,"href":"https:\/\/diarionews.com.br\/index.php?rest_route=\/wp\/v2\/media\/8211"}],"wp:attachment":[{"href":"https:\/\/diarionews.com.br\/index.php?rest_route=%2Fwp%2Fv2%2Fmedia&parent=8210"}],"wp:term":[{"taxonomy":"category","embeddable":true,"href":"https:\/\/diarionews.com.br\/index.php?rest_route=%2Fwp%2Fv2%2Fcategories&post=8210"},{"taxonomy":"post_tag","embeddable":true,"href":"https:\/\/diarionews.com.br\/index.php?rest_route=%2Fwp%2Fv2%2Ftags&post=8210"}],"curies":[{"name":"wp","href":"https:\/\/api.w.org\/{rel}","templated":true}]}}