{"id":8208,"date":"2026-04-26T10:09:12","date_gmt":"2026-04-26T14:09:12","guid":{"rendered":"https:\/\/diarionews.com.br\/?p=8208"},"modified":"2026-04-26T10:09:13","modified_gmt":"2026-04-26T14:09:13","slug":"capotamento-de-caminhonete-deixa-motorista-ferido-na-mt-325","status":"publish","type":"post","link":"https:\/\/diarionews.com.br\/?p=8208","title":{"rendered":"Capotamento de caminhonete deixa motorista ferido na MT-325"},"content":{"rendered":"\n<p>Um acidente de tr\u00e2nsito registrado na madrugada do dia 26 de abril de 2026, por volta das 3h15, deixou um homem de 29 anos ferido em Alta Floresta. O caso ocorreu na Avenida Nossa Senhora de Aparecida, nas proximidades da rodovia MT-325, e foi atendido por uma guarni\u00e7\u00e3o da 7\u00aa Companhia Independente de Bombeiros Militar (CIBM).<\/p>\n\n\n\n<p>De acordo com o relato, a equipe dos bombeiros estava em deslocamento para atender uma ocorr\u00eancia de remo\u00e7\u00e3o de enxame de insetos quando se deparou com o acidente. No local, os militares encontraram uma caminhonete modelo Fiat Toro capotada, com o condutor j\u00e1 fora do ve\u00edculo.<\/p>\n\n\n\n<p>A v\u00edtima estava em posi\u00e7\u00e3o sentada, consciente e orientada, mas relatava intensa dor na regi\u00e3o da cabe\u00e7a. Informa\u00e7\u00f5es apontam que o motorista foi retirado do interior do autom\u00f3vel por terceiros antes da chegada da equipe de resgate.<\/p>\n\n\n\n<p>Diante da situa\u00e7\u00e3o, os bombeiros realizaram o atendimento pr\u00e9-hospitalar, com imobiliza\u00e7\u00e3o da coluna cervical utilizando colar cervical e estabiliza\u00e7\u00e3o em prancha r\u00edgida longa. Ap\u00f3s os primeiros socorros, o homem foi encaminhado ao Hospital Regional, onde permaneceu sob cuidados m\u00e9dicos. A Guarda Municipal foi acionada e assumiu o controle do tr\u00e2nsito no local, al\u00e9m das provid\u00eancias para remo\u00e7\u00e3o do ve\u00edculo.<\/p>\n","protected":false},"excerpt":{"rendered":"<p>Um acidente de tr\u00e2nsito registrado na madrugada do dia 26 de abril de 2026, por volta das 3h15, deixou um homem de 29 anos ferido em Alta Floresta. O caso ocorreu na Avenida Nossa Senhora de Aparecida, nas proximidades da rodovia MT-325, e foi atendido por uma guarni\u00e7\u00e3o da 7\u00aa Companhia Independente de Bombeiros Militar [&hellip;]<\/p>\n","protected":false},"author":1,"featured_media":6788,"comment_status":"open","ping_status":"open","sticky":false,"template":"","format":"standard","meta":{"footnotes":""},"categories":[6],"tags":[],"class_list":["post-8208","post","type-post","status-publish","format-standard","has-post-thumbnail","hentry","category-local"],"_links":{"self":[{"href":"https:\/\/diarionews.com.br\/index.php?rest_route=\/wp\/v2\/posts\/8208","targetHints":{"allow":["GET"]}}],"collection":[{"href":"https:\/\/diarionews.com.br\/index.php?rest_route=\/wp\/v2\/posts"}],"about":[{"href":"https:\/\/diarionews.com.br\/index.php?rest_route=\/wp\/v2\/types\/post"}],"author":[{"embeddable":true,"href":"https:\/\/diarionews.com.br\/index.php?rest_route=\/wp\/v2\/users\/1"}],"replies":[{"embeddable":true,"href":"https:\/\/diarionews.com.br\/index.php?rest_route=%2Fwp%2Fv2%2Fcomments&post=8208"}],"version-history":[{"count":1,"href":"https:\/\/diarionews.com.br\/index.php?rest_route=\/wp\/v2\/posts\/8208\/revisions"}],"predecessor-version":[{"id":8209,"href":"https:\/\/diarionews.com.br\/index.php?rest_route=\/wp\/v2\/posts\/8208\/revisions\/8209"}],"wp:featuredmedia":[{"embeddable":true,"href":"https:\/\/diarionews.com.br\/index.php?rest_route=\/wp\/v2\/media\/6788"}],"wp:attachment":[{"href":"https:\/\/diarionews.com.br\/index.php?rest_route=%2Fwp%2Fv2%2Fmedia&parent=8208"}],"wp:term":[{"taxonomy":"category","embeddable":true,"href":"https:\/\/diarionews.com.br\/index.php?rest_route=%2Fwp%2Fv2%2Fcategories&post=8208"},{"taxonomy":"post_tag","embeddable":true,"href":"https:\/\/diarionews.com.br\/index.php?rest_route=%2Fwp%2Fv2%2Ftags&post=8208"}],"curies":[{"name":"wp","href":"https:\/\/api.w.org\/{rel}","templated":true}]}}