{"id":8204,"date":"2026-04-26T10:03:17","date_gmt":"2026-04-26T14:03:17","guid":{"rendered":"https:\/\/diarionews.com.br\/?p=8204"},"modified":"2026-04-26T10:03:19","modified_gmt":"2026-04-26T14:03:19","slug":"pt-pv-e-pcdob-pedem-ao-tse-suspensao-de-perfis-de-dona-maria-personagem-criada-por-inteligencia-artificial","status":"publish","type":"post","link":"https:\/\/diarionews.com.br\/?p=8204","title":{"rendered":"PT, PV e PCdoB pedem ao TSE suspens\u00e3o de perfis de \u201cDona Maria\u201d, personagem criada por intelig\u00eancia artificial"},"content":{"rendered":"\n<p>A Federa\u00e7\u00e3o Brasil da Esperan\u00e7a (F\u00e9 Brasil), formada pelos partidos PT, PV e PCdoB, protocolou no dia 22 de abril de 2026 uma representa\u00e7\u00e3o no Tribunal Superior Eleitoral (TSE) pedindo a suspens\u00e3o imediata e a indisponibiliza\u00e7\u00e3o dos perfis \u201cDona Maria\u201d nas redes sociais Instagram, TikTok, Facebook, YouTube e X (antigo Twitter).<\/p>\n\n\n\n<figure class=\"wp-block-image size-large\"><img loading=\"lazy\" decoding=\"async\" width=\"1024\" height=\"683\" src=\"https:\/\/diarionews.com.br\/wp-content\/uploads\/2026\/04\/perfil-retirada-1024x683.jpg\" alt=\"\" class=\"wp-image-8206\" srcset=\"https:\/\/diarionews.com.br\/wp-content\/uploads\/2026\/04\/perfil-retirada-1024x683.jpg 1024w, https:\/\/diarionews.com.br\/wp-content\/uploads\/2026\/04\/perfil-retirada-300x200.jpg 300w, https:\/\/diarionews.com.br\/wp-content\/uploads\/2026\/04\/perfil-retirada-768x512.jpg 768w, https:\/\/diarionews.com.br\/wp-content\/uploads\/2026\/04\/perfil-retirada-630x420.jpg 630w, https:\/\/diarionews.com.br\/wp-content\/uploads\/2026\/04\/perfil-retirada-150x100.jpg 150w, https:\/\/diarionews.com.br\/wp-content\/uploads\/2026\/04\/perfil-retirada-696x464.jpg 696w, https:\/\/diarionews.com.br\/wp-content\/uploads\/2026\/04\/perfil-retirada-1068x712.jpg 1068w, https:\/\/diarionews.com.br\/wp-content\/uploads\/2026\/04\/perfil-retirada.jpg 1500w\" sizes=\"auto, (max-width: 1024px) 100vw, 1024px\" \/><\/figure>\n\n\n\n<p>\u201cDona Maria\u201d \u00e9 uma personagem fict\u00edcia gerada por intelig\u00eancia artificial (IA), que representa uma senhora idosa e negra. A personagem publica v\u00eddeos com cr\u00edticas ao presidente Luiz In\u00e1cio Lula da Silva (PT), ao governo federal, ao Supremo Tribunal Federal (especialmente ao ministro Alexandre de Moraes) e a outras figuras da esquerda, frequentemente com tom contundente e elogios a Jair Bolsonaro e seus apoiadores.<\/p>\n\n\n\n<p>De acordo com a representa\u00e7\u00e3o, o perfil dissemina desinforma\u00e7\u00e3o, conte\u00fados falsos ou descontextualizados, e pode configurar propaganda eleitoral antecipada irregular. Os partidos tamb\u00e9m argumentam que a personagem n\u00e3o deixa claro em todas as publica\u00e7\u00f5es que se trata de conte\u00fado gerado por IA, o que poderia induzir o p\u00fablico a confundi-la com uma pessoa real. O perfil tem grande alcance: mais de 700 mil seguidores somente no Instagram e milh\u00f5es de visualiza\u00e7\u00f5es.<\/p>\n\n\n\n<p>A relatoria do caso foi distribu\u00edda \u00e0 ministra Estela Aranha, do TSE.<\/p>\n\n\n\n<p>Reportagens identificaram que o respons\u00e1vel pela administra\u00e7\u00e3o dos perfis \u00e9 Daniel Cristiano dos Santos, de 37 anos, motorista de aplicativo residente em Mag\u00e9 (RJ). Ele utiliza ferramentas de IA, como o Gemini do Google, para criar a imagem, a voz e os v\u00eddeos da personagem. O criador j\u00e1 admitiu publicamente que a p\u00e1gina \u00e9 um projeto paralelo e complemento de renda.<\/p>\n\n\n\n<p>At\u00e9 o momento, o TSE n\u00e3o se manifestou sobre o m\u00e9rito do pedido. A federa\u00e7\u00e3o solicita ainda a identifica\u00e7\u00e3o dos respons\u00e1veis pelas contas e o bloqueio de eventuais monetiza\u00e7\u00f5es ou republica\u00e7\u00f5es do conte\u00fado.<\/p>\n\n\n\n<p>O caso reacende o debate sobre o uso de intelig\u00eancia artificial nas elei\u00e7\u00f5es de 2026 e os limites da regula\u00e7\u00e3o de conte\u00fados gerados por IA nas redes sociais.<\/p>\n","protected":false},"excerpt":{"rendered":"<p>A Federa\u00e7\u00e3o Brasil da Esperan\u00e7a (F\u00e9 Brasil), formada pelos partidos PT, PV e PCdoB, protocolou no dia 22 de abril de 2026 uma representa\u00e7\u00e3o no Tribunal Superior Eleitoral (TSE) pedindo a suspens\u00e3o imediata e a indisponibiliza\u00e7\u00e3o dos perfis \u201cDona Maria\u201d nas redes sociais Instagram, TikTok, Facebook, YouTube e X (antigo Twitter). \u201cDona Maria\u201d \u00e9 uma [&hellip;]<\/p>\n","protected":false},"author":1,"featured_media":8205,"comment_status":"open","ping_status":"open","sticky":false,"template":"","format":"standard","meta":{"footnotes":""},"categories":[19],"tags":[],"class_list":["post-8204","post","type-post","status-publish","format-standard","has-post-thumbnail","hentry","category-politica"],"_links":{"self":[{"href":"https:\/\/diarionews.com.br\/index.php?rest_route=\/wp\/v2\/posts\/8204","targetHints":{"allow":["GET"]}}],"collection":[{"href":"https:\/\/diarionews.com.br\/index.php?rest_route=\/wp\/v2\/posts"}],"about":[{"href":"https:\/\/diarionews.com.br\/index.php?rest_route=\/wp\/v2\/types\/post"}],"author":[{"embeddable":true,"href":"https:\/\/diarionews.com.br\/index.php?rest_route=\/wp\/v2\/users\/1"}],"replies":[{"embeddable":true,"href":"https:\/\/diarionews.com.br\/index.php?rest_route=%2Fwp%2Fv2%2Fcomments&post=8204"}],"version-history":[{"count":1,"href":"https:\/\/diarionews.com.br\/index.php?rest_route=\/wp\/v2\/posts\/8204\/revisions"}],"predecessor-version":[{"id":8207,"href":"https:\/\/diarionews.com.br\/index.php?rest_route=\/wp\/v2\/posts\/8204\/revisions\/8207"}],"wp:featuredmedia":[{"embeddable":true,"href":"https:\/\/diarionews.com.br\/index.php?rest_route=\/wp\/v2\/media\/8205"}],"wp:attachment":[{"href":"https:\/\/diarionews.com.br\/index.php?rest_route=%2Fwp%2Fv2%2Fmedia&parent=8204"}],"wp:term":[{"taxonomy":"category","embeddable":true,"href":"https:\/\/diarionews.com.br\/index.php?rest_route=%2Fwp%2Fv2%2Fcategories&post=8204"},{"taxonomy":"post_tag","embeddable":true,"href":"https:\/\/diarionews.com.br\/index.php?rest_route=%2Fwp%2Fv2%2Ftags&post=8204"}],"curies":[{"name":"wp","href":"https:\/\/api.w.org\/{rel}","templated":true}]}}