{"id":8198,"date":"2026-04-26T09:51:25","date_gmt":"2026-04-26T13:51:25","guid":{"rendered":"https:\/\/diarionews.com.br\/?p=8198"},"modified":"2026-04-26T09:51:28","modified_gmt":"2026-04-26T13:51:28","slug":"homem-de-26-anos-e-preso-no-aeroporto-de-varzea-grande-com-106-kg-de-cocaina-presa-ao-corpo","status":"publish","type":"post","link":"https:\/\/diarionews.com.br\/?p=8198","title":{"rendered":"Homem de 26 anos \u00e9 preso no Aeroporto de V\u00e1rzea Grande com 10,6 kg de coca\u00edna presa ao corpo"},"content":{"rendered":"\n<p>Um homem de 26 anos foi preso em flagrante na madrugada deste s\u00e1bado (25 de abril de 2026) no Aeroporto Internacional Marechal Rondon, em V\u00e1rzea Grande, ao tentar embarcar em um voo comercial com destino \u00e0 regi\u00e3o Nordeste do Brasil portando cerca de 10,6 quilos de coca\u00edna escondidos diretamente no corpo.<\/p>\n\n\n\n<p>A pris\u00e3o foi realizada pela Pol\u00edcia Federal em a\u00e7\u00e3o conjunta com a Delegacia Especializada de Repress\u00e3o a Narc\u00f3ticos (Denarc) da Pol\u00edcia Judici\u00e1ria Civil de Mato Grosso. O suspeito foi abordado durante fiscaliza\u00e7\u00e3o de rotina de passageiros e bagagens, ap\u00f3s a Denarc receber uma den\u00fancia e compartilhar informa\u00e7\u00f5es com a PF.<\/p>\n\n\n\n<p>Durante a revista, os agentes encontraram a droga acondicionada em pequenas por\u00e7\u00f5es, enrolada e presa ao abd\u00f4men e outras partes do corpo do homem, ocultada sob as roupas. Ele foi autuado por tr\u00e1fico de entorpecentes.<\/p>\n\n\n\n<p>De acordo com as informa\u00e7\u00f5es policiais, o suspeito n\u00e3o possu\u00eda antecedentes criminais registrados. Seu nome n\u00e3o foi divulgado pelas autoridades.<\/p>\n\n\n\n<p>A coca\u00edna apreendida foi encaminhada para per\u00edcia, e o preso foi colocado \u00e0 disposi\u00e7\u00e3o da Justi\u00e7a Federal.<\/p>\n\n\n\n<p>A Pol\u00edcia Federal destacou a import\u00e2ncia da integra\u00e7\u00e3o entre as for\u00e7as de seguran\u00e7a para coibir o transporte interestadual de drogas por meio de aeroportos.<\/p>\n","protected":false},"excerpt":{"rendered":"<p>Um homem de 26 anos foi preso em flagrante na madrugada deste s\u00e1bado (25 de abril de 2026) no Aeroporto Internacional Marechal Rondon, em V\u00e1rzea Grande, ao tentar embarcar em um voo comercial com destino \u00e0 regi\u00e3o Nordeste do Brasil portando cerca de 10,6 quilos de coca\u00edna escondidos diretamente no corpo. A pris\u00e3o foi realizada [&hellip;]<\/p>\n","protected":false},"author":1,"featured_media":8199,"comment_status":"open","ping_status":"open","sticky":false,"template":"","format":"standard","meta":{"footnotes":""},"categories":[1],"tags":[],"class_list":["post-8198","post","type-post","status-publish","format-standard","has-post-thumbnail","hentry","category-tiro-e-queda"],"_links":{"self":[{"href":"https:\/\/diarionews.com.br\/index.php?rest_route=\/wp\/v2\/posts\/8198","targetHints":{"allow":["GET"]}}],"collection":[{"href":"https:\/\/diarionews.com.br\/index.php?rest_route=\/wp\/v2\/posts"}],"about":[{"href":"https:\/\/diarionews.com.br\/index.php?rest_route=\/wp\/v2\/types\/post"}],"author":[{"embeddable":true,"href":"https:\/\/diarionews.com.br\/index.php?rest_route=\/wp\/v2\/users\/1"}],"replies":[{"embeddable":true,"href":"https:\/\/diarionews.com.br\/index.php?rest_route=%2Fwp%2Fv2%2Fcomments&post=8198"}],"version-history":[{"count":1,"href":"https:\/\/diarionews.com.br\/index.php?rest_route=\/wp\/v2\/posts\/8198\/revisions"}],"predecessor-version":[{"id":8200,"href":"https:\/\/diarionews.com.br\/index.php?rest_route=\/wp\/v2\/posts\/8198\/revisions\/8200"}],"wp:featuredmedia":[{"embeddable":true,"href":"https:\/\/diarionews.com.br\/index.php?rest_route=\/wp\/v2\/media\/8199"}],"wp:attachment":[{"href":"https:\/\/diarionews.com.br\/index.php?rest_route=%2Fwp%2Fv2%2Fmedia&parent=8198"}],"wp:term":[{"taxonomy":"category","embeddable":true,"href":"https:\/\/diarionews.com.br\/index.php?rest_route=%2Fwp%2Fv2%2Fcategories&post=8198"},{"taxonomy":"post_tag","embeddable":true,"href":"https:\/\/diarionews.com.br\/index.php?rest_route=%2Fwp%2Fv2%2Ftags&post=8198"}],"curies":[{"name":"wp","href":"https:\/\/api.w.org\/{rel}","templated":true}]}}