{"id":8195,"date":"2026-04-26T08:43:00","date_gmt":"2026-04-26T12:43:00","guid":{"rendered":"https:\/\/diarionews.com.br\/?p=8195"},"modified":"2026-04-26T09:45:19","modified_gmt":"2026-04-26T13:45:19","slug":"pm-apreende-arma-e-drogas-apos-denuncia-de-ameaca-em-apiacas","status":"publish","type":"post","link":"https:\/\/diarionews.com.br\/?p=8195","title":{"rendered":"PM apreende arma e drogas ap\u00f3s den\u00fancia de amea\u00e7a em Apiac\u00e1s"},"content":{"rendered":"\n<p>Uma ocorr\u00eancia envolvendo amea\u00e7a, posse ilegal de arma de fogo e tr\u00e1fico de drogas foi registrada na noite do dia 25 de abril de 2026, por volta das 21h30, em uma resid\u00eancia particular no munic\u00edpio de Apiac\u00e1s. A a\u00e7\u00e3o foi atendida por uma guarni\u00e7\u00e3o da Pol\u00edcia Militar ap\u00f3s den\u00fancia feita por uma mulher de 32 anos.<\/p>\n\n\n\n<p>Segundo o boletim de ocorr\u00eancia, a solicitante relatou que seu convivente, um homem de 30 anos, estava bastante alterado dentro da resid\u00eancia onde ambos moram. A mulher afirmou temer por sua integridade f\u00edsica, alegando ter sido amea\u00e7ada e informando ainda que o suspeito possu\u00eda uma arma de fogo.<\/p>\n\n\n\n<p>Diante da den\u00fancia, a equipe policial se deslocou at\u00e9 o local e, em conversa com o suspeito, ele confirmou possuir a arma, indicando que estava escondida dentro de uma caixa t\u00e9rmica. Ap\u00f3s a localiza\u00e7\u00e3o do objeto, foi dada voz de pris\u00e3o ao homem. Durante a abordagem, ele tamb\u00e9m relatou que sua companheira mantinha entorpecentes escondidos na resid\u00eancia.<\/p>\n\n\n\n<p>Questionada pelos policiais, a mulher confirmou que havia escondido, sob um colch\u00e3o, uma quantidade de subst\u00e2ncia an\u00e1loga \u00e0 pasta base de coca\u00edna. Durante a revista no local indicado, foram encontrados 22 inv\u00f3lucros da droga, cuja propriedade foi assumida por ela. Diante dos fatos, ambos receberam voz de pris\u00e3o e foram encaminhados \u00e0 Delegacia de Pol\u00edcia de Apiac\u00e1s para as provid\u00eancias cab\u00edveis.<\/p>\n","protected":false},"excerpt":{"rendered":"<p>Uma ocorr\u00eancia envolvendo amea\u00e7a, posse ilegal de arma de fogo e tr\u00e1fico de drogas foi registrada na noite do dia 25 de abril de 2026, por volta das 21h30, em uma resid\u00eancia particular no munic\u00edpio de Apiac\u00e1s. A a\u00e7\u00e3o foi atendida por uma guarni\u00e7\u00e3o da Pol\u00edcia Militar ap\u00f3s den\u00fancia feita por uma mulher de 32 [&hellip;]<\/p>\n","protected":false},"author":1,"featured_media":8196,"comment_status":"open","ping_status":"open","sticky":false,"template":"","format":"standard","meta":{"footnotes":""},"categories":[21],"tags":[956],"class_list":["post-8195","post","type-post","status-publish","format-standard","has-post-thumbnail","hentry","category-regiao","tag-importante"],"_links":{"self":[{"href":"https:\/\/diarionews.com.br\/index.php?rest_route=\/wp\/v2\/posts\/8195","targetHints":{"allow":["GET"]}}],"collection":[{"href":"https:\/\/diarionews.com.br\/index.php?rest_route=\/wp\/v2\/posts"}],"about":[{"href":"https:\/\/diarionews.com.br\/index.php?rest_route=\/wp\/v2\/types\/post"}],"author":[{"embeddable":true,"href":"https:\/\/diarionews.com.br\/index.php?rest_route=\/wp\/v2\/users\/1"}],"replies":[{"embeddable":true,"href":"https:\/\/diarionews.com.br\/index.php?rest_route=%2Fwp%2Fv2%2Fcomments&post=8195"}],"version-history":[{"count":1,"href":"https:\/\/diarionews.com.br\/index.php?rest_route=\/wp\/v2\/posts\/8195\/revisions"}],"predecessor-version":[{"id":8197,"href":"https:\/\/diarionews.com.br\/index.php?rest_route=\/wp\/v2\/posts\/8195\/revisions\/8197"}],"wp:featuredmedia":[{"embeddable":true,"href":"https:\/\/diarionews.com.br\/index.php?rest_route=\/wp\/v2\/media\/8196"}],"wp:attachment":[{"href":"https:\/\/diarionews.com.br\/index.php?rest_route=%2Fwp%2Fv2%2Fmedia&parent=8195"}],"wp:term":[{"taxonomy":"category","embeddable":true,"href":"https:\/\/diarionews.com.br\/index.php?rest_route=%2Fwp%2Fv2%2Fcategories&post=8195"},{"taxonomy":"post_tag","embeddable":true,"href":"https:\/\/diarionews.com.br\/index.php?rest_route=%2Fwp%2Fv2%2Ftags&post=8195"}],"curies":[{"name":"wp","href":"https:\/\/api.w.org\/{rel}","templated":true}]}}