{"id":8192,"date":"2026-04-26T09:43:07","date_gmt":"2026-04-26T13:43:07","guid":{"rendered":"https:\/\/diarionews.com.br\/?p=8192"},"modified":"2026-04-26T09:43:09","modified_gmt":"2026-04-26T13:43:09","slug":"professor-de-67-anos-e-agredido-por-dois-alunos-em-escola-civico-militar-de-cuiaba","status":"publish","type":"post","link":"https:\/\/diarionews.com.br\/?p=8192","title":{"rendered":"Professor de 67 anos \u00e9 agredido por dois alunos em escola c\u00edvico-militar de Cuiab\u00e1"},"content":{"rendered":"\n<p>Um professor de 67 anos foi agredido por dois estudantes, de 14 e 15 anos, dentro da sala de aula da Escola Estadual C\u00edvico-Militar Heliodoro Capistrano da Silva, no bairro Parque Cuiab\u00e1, na tarde de quinta-feira (23 de abril de 2026).<\/p>\n\n\n\n<p>De acordo com o relato do docente \u00e0 Pol\u00edcia Militar, o incidente come\u00e7ou no in\u00edcio da aula, quando ele orientou um dos alunos a se sentar no lugar correto, conforme o mapa de assentos da sala. O estudante se recusou a obedecer, mesmo ap\u00f3s a orienta\u00e7\u00e3o ser refor\u00e7ada pelo professor e por um monitor presente na sala.<\/p>\n\n\n\n<p>Ao tentar conduzir o aluno ao local indicado, o professor tocou em seu ombro e recolheu o caderno do estudante. Nesse momento, o adolescente desferiu um tapa no t\u00f3rax do professor, empurrando-o contra a parede. Em seguida, enquanto o docente se deslocava na sala, o mesmo aluno e o segundo estudante (de 15 anos) continuaram as agress\u00f5es, desferindo tapas e empurr\u00f5es pelas costas.<\/p>\n\n\n\n<p>O professor utilizou o pr\u00f3prio caderno para se proteger enquanto sa\u00eda da sala. Ele n\u00e3o sofreu ferimentos graves, mas ficou abalado com a situa\u00e7\u00e3o.<\/p>\n\n\n\n<p>A dire\u00e7\u00e3o da escola acionou a Pol\u00edcia Militar. Os dois adolescentes foram conduzidos \u00e0 Central de Flagrantes junto com seus respons\u00e1veis. O caso foi registrado como agress\u00e3o f\u00edsica (inj\u00faria real consumada).<\/p>\n\n\n\n<p>A Secretaria de Estado de Educa\u00e7\u00e3o de Mato Grosso (Seduc-MT) informou, por meio da Diretoria Metropolitana de Educa\u00e7\u00e3o, que a gest\u00e3o da unidade adotou imediatamente as provid\u00eancias cab\u00edveis, conforme os protocolos institucionais e o Estatuto da Crian\u00e7a e do Adolescente (ECA). O professor recebeu atendimento e acompanhamento psicol\u00f3gico.<\/p>\n\n\n\n<p>As investiga\u00e7\u00f5es seguem em andamento na Pol\u00edcia Civil.<\/p>\n","protected":false},"excerpt":{"rendered":"<p>Um professor de 67 anos foi agredido por dois estudantes, de 14 e 15 anos, dentro da sala de aula da Escola Estadual C\u00edvico-Militar Heliodoro Capistrano da Silva, no bairro Parque Cuiab\u00e1, na tarde de quinta-feira (23 de abril de 2026). De acordo com o relato do docente \u00e0 Pol\u00edcia Militar, o incidente come\u00e7ou no [&hellip;]<\/p>\n","protected":false},"author":1,"featured_media":8193,"comment_status":"open","ping_status":"open","sticky":false,"template":"","format":"standard","meta":{"footnotes":""},"categories":[9,14],"tags":[309,956,718],"class_list":["post-8192","post","type-post","status-publish","format-standard","has-post-thumbnail","hentry","category-educacao","category-policia","tag-educacao","tag-importante","tag-matogrosso"],"_links":{"self":[{"href":"https:\/\/diarionews.com.br\/index.php?rest_route=\/wp\/v2\/posts\/8192","targetHints":{"allow":["GET"]}}],"collection":[{"href":"https:\/\/diarionews.com.br\/index.php?rest_route=\/wp\/v2\/posts"}],"about":[{"href":"https:\/\/diarionews.com.br\/index.php?rest_route=\/wp\/v2\/types\/post"}],"author":[{"embeddable":true,"href":"https:\/\/diarionews.com.br\/index.php?rest_route=\/wp\/v2\/users\/1"}],"replies":[{"embeddable":true,"href":"https:\/\/diarionews.com.br\/index.php?rest_route=%2Fwp%2Fv2%2Fcomments&post=8192"}],"version-history":[{"count":1,"href":"https:\/\/diarionews.com.br\/index.php?rest_route=\/wp\/v2\/posts\/8192\/revisions"}],"predecessor-version":[{"id":8194,"href":"https:\/\/diarionews.com.br\/index.php?rest_route=\/wp\/v2\/posts\/8192\/revisions\/8194"}],"wp:featuredmedia":[{"embeddable":true,"href":"https:\/\/diarionews.com.br\/index.php?rest_route=\/wp\/v2\/media\/8193"}],"wp:attachment":[{"href":"https:\/\/diarionews.com.br\/index.php?rest_route=%2Fwp%2Fv2%2Fmedia&parent=8192"}],"wp:term":[{"taxonomy":"category","embeddable":true,"href":"https:\/\/diarionews.com.br\/index.php?rest_route=%2Fwp%2Fv2%2Fcategories&post=8192"},{"taxonomy":"post_tag","embeddable":true,"href":"https:\/\/diarionews.com.br\/index.php?rest_route=%2Fwp%2Fv2%2Ftags&post=8192"}],"curies":[{"name":"wp","href":"https:\/\/api.w.org\/{rel}","templated":true}]}}