{"id":8189,"date":"2026-04-26T09:36:04","date_gmt":"2026-04-26T13:36:04","guid":{"rendered":"https:\/\/diarionews.com.br\/?p=8189"},"modified":"2026-04-26T09:36:05","modified_gmt":"2026-04-26T13:36:05","slug":"lula-manifesta-solidariedade-a-trump-apos-tiros-em-evento-nos-eua","status":"publish","type":"post","link":"https:\/\/diarionews.com.br\/?p=8189","title":{"rendered":"Lula manifesta solidariedade a Trump ap\u00f3s tiros em evento nos EUA"},"content":{"rendered":"\n<p>O presidente Luiz In\u00e1cio Lula da Silva prestou solidariedade ao presidente dos Estados Unidos, Donald Trump, ap\u00f3s um ataque a tiros interromper um evento em Washington. O epis\u00f3dio ocorreu na noite de s\u00e1bado, 25 de abril de 2026, durante um jantar com correspondentes, gerando p\u00e2nico e mobiliza\u00e7\u00e3o das for\u00e7as de seguran\u00e7a.<\/p>\n\n\n\n<p>Em manifesta\u00e7\u00e3o p\u00fablica, Lula tamb\u00e9m estendeu apoio \u00e0 primeira-dama Melania Trump e aos demais presentes no evento. O presidente brasileiro afirmou que \u201co Brasil repudia veementemente o ataque\u201d e classificou a viol\u00eancia pol\u00edtica como uma afronta aos valores democr\u00e1ticos. <\/p>\n\n\n\n<p>O incidente levou \u00e0 retirada imediata de Trump do local pelo Servi\u00e7o Secreto, assim como de outras autoridades que participavam do jantar. Informa\u00e7\u00f5es iniciais indicam que um suspeito foi detido e que o caso est\u00e1 sendo tratado como uma a\u00e7\u00e3o isolada, embora as circunst\u00e2ncias ainda estejam sob investiga\u00e7\u00e3o. <\/p>\n\n\n\n<p>A manifesta\u00e7\u00e3o de Lula se soma a rea\u00e7\u00f5es de outros l\u00edderes internacionais que condenaram o ataque e refor\u00e7aram a necessidade de defesa das institui\u00e7\u00f5es democr\u00e1ticas. O epis\u00f3dio reacende o debate sobre seguran\u00e7a e viol\u00eancia pol\u00edtica nos Estados Unidos, especialmente em eventos de grande visibilidade p\u00fablica.<\/p>\n\n\n<div class=\"wp-block-image\">\n<figure class=\"aligncenter size-full\"><img loading=\"lazy\" decoding=\"async\" width=\"617\" height=\"271\" src=\"https:\/\/diarionews.com.br\/wp-content\/uploads\/2026\/04\/Captura-de-tela-2026-04-26-093415.png\" alt=\"\" class=\"wp-image-8190\" srcset=\"https:\/\/diarionews.com.br\/wp-content\/uploads\/2026\/04\/Captura-de-tela-2026-04-26-093415.png 617w, https:\/\/diarionews.com.br\/wp-content\/uploads\/2026\/04\/Captura-de-tela-2026-04-26-093415-300x132.png 300w, https:\/\/diarionews.com.br\/wp-content\/uploads\/2026\/04\/Captura-de-tela-2026-04-26-093415-150x66.png 150w\" sizes=\"auto, (max-width: 617px) 100vw, 617px\" \/><\/figure><\/div>","protected":false},"excerpt":{"rendered":"<p>O presidente Luiz In\u00e1cio Lula da Silva prestou solidariedade ao presidente dos Estados Unidos, Donald Trump, ap\u00f3s um ataque a tiros interromper um evento em Washington. O epis\u00f3dio ocorreu na noite de s\u00e1bado, 25 de abril de 2026, durante um jantar com correspondentes, gerando p\u00e2nico e mobiliza\u00e7\u00e3o das for\u00e7as de seguran\u00e7a. Em manifesta\u00e7\u00e3o p\u00fablica, Lula [&hellip;]<\/p>\n","protected":false},"author":1,"featured_media":3115,"comment_status":"open","ping_status":"open","sticky":false,"template":"","format":"standard","meta":{"footnotes":""},"categories":[11],"tags":[956],"class_list":["post-8189","post","type-post","status-publish","format-standard","has-post-thumbnail","hentry","category-mundo","tag-importante"],"_links":{"self":[{"href":"https:\/\/diarionews.com.br\/index.php?rest_route=\/wp\/v2\/posts\/8189","targetHints":{"allow":["GET"]}}],"collection":[{"href":"https:\/\/diarionews.com.br\/index.php?rest_route=\/wp\/v2\/posts"}],"about":[{"href":"https:\/\/diarionews.com.br\/index.php?rest_route=\/wp\/v2\/types\/post"}],"author":[{"embeddable":true,"href":"https:\/\/diarionews.com.br\/index.php?rest_route=\/wp\/v2\/users\/1"}],"replies":[{"embeddable":true,"href":"https:\/\/diarionews.com.br\/index.php?rest_route=%2Fwp%2Fv2%2Fcomments&post=8189"}],"version-history":[{"count":1,"href":"https:\/\/diarionews.com.br\/index.php?rest_route=\/wp\/v2\/posts\/8189\/revisions"}],"predecessor-version":[{"id":8191,"href":"https:\/\/diarionews.com.br\/index.php?rest_route=\/wp\/v2\/posts\/8189\/revisions\/8191"}],"wp:featuredmedia":[{"embeddable":true,"href":"https:\/\/diarionews.com.br\/index.php?rest_route=\/wp\/v2\/media\/3115"}],"wp:attachment":[{"href":"https:\/\/diarionews.com.br\/index.php?rest_route=%2Fwp%2Fv2%2Fmedia&parent=8189"}],"wp:term":[{"taxonomy":"category","embeddable":true,"href":"https:\/\/diarionews.com.br\/index.php?rest_route=%2Fwp%2Fv2%2Fcategories&post=8189"},{"taxonomy":"post_tag","embeddable":true,"href":"https:\/\/diarionews.com.br\/index.php?rest_route=%2Fwp%2Fv2%2Ftags&post=8189"}],"curies":[{"name":"wp","href":"https:\/\/api.w.org\/{rel}","templated":true}]}}