{"id":8183,"date":"2026-04-25T10:42:55","date_gmt":"2026-04-25T14:42:55","guid":{"rendered":"https:\/\/diarionews.com.br\/?p=8183"},"modified":"2026-04-25T10:42:57","modified_gmt":"2026-04-25T14:42:57","slug":"veiculo-com-sinais-adulterados-e-apreendido-em-paranaita","status":"publish","type":"post","link":"https:\/\/diarionews.com.br\/?p=8183","title":{"rendered":"Ve\u00edculo com sinais adulterados \u00e9 apreendido em Parana\u00edta"},"content":{"rendered":"\n<p>Uma ocorr\u00eancia de adultera\u00e7\u00e3o de sinais identificadores de ve\u00edculo automotor foi registrada pelo 3\u00ba Pelot\u00e3o da Pol\u00edcia Militar em Parana\u00edta, no dia 24 de abril de 2026, por volta das 17h36, no bairro Jardim Amazonas. O caso resultou no encaminhamento de um suspeito de 30 anos \u00e0 Delegacia de Pol\u00edcia Civil para esclarecimentos.<\/p>\n\n\n\n<p>De acordo com o boletim, a irregularidade foi constatada durante a vistoria de um ve\u00edculo que havia sido apreendido no dia anterior por infra\u00e7\u00f5es previstas no C\u00f3digo de Tr\u00e2nsito Brasileiro (CTB), entre elas a aus\u00eancia de placa de identifica\u00e7\u00e3o. Durante a inspe\u00e7\u00e3o detalhada, os policiais realizaram a limpeza do motor, momento em que identificaram ind\u00edcios de adultera\u00e7\u00e3o nos caracteres.<\/p>\n\n\n\n<p>Segundo o registro, os n\u00fameros do motor apresentavam sinais de \u201cpinagem\u201d, t\u00e9cnica utilizada para modificar a identifica\u00e7\u00e3o original do ve\u00edculo. As marca\u00e7\u00f5es encontradas divergiam do padr\u00e3o adotado pela fabricante Honda, o que levantou suspeitas sobre a proced\u00eancia do autom\u00f3vel.<\/p>\n\n\n\n<p>Diante dos fatos, o ve\u00edculo, que tamb\u00e9m apresentava mau estado de conserva\u00e7\u00e3o, foi encaminhado \u00e0 Delegacia de Pol\u00edcia Civil para as provid\u00eancias cab\u00edveis. Durante a confec\u00e7\u00e3o do boletim de ocorr\u00eancia, o suspeito compareceu espontaneamente ao pelot\u00e3o e foi conduzido \u00e0 delegacia, sem apresentar les\u00f5es corporais e sem necessidade do uso de algemas.<\/p>\n","protected":false},"excerpt":{"rendered":"<p>Uma ocorr\u00eancia de adultera\u00e7\u00e3o de sinais identificadores de ve\u00edculo automotor foi registrada pelo 3\u00ba Pelot\u00e3o da Pol\u00edcia Militar em Parana\u00edta, no dia 24 de abril de 2026, por volta das 17h36, no bairro Jardim Amazonas. O caso resultou no encaminhamento de um suspeito de 30 anos \u00e0 Delegacia de Pol\u00edcia Civil para esclarecimentos. De acordo [&hellip;]<\/p>\n","protected":false},"author":1,"featured_media":6759,"comment_status":"open","ping_status":"open","sticky":false,"template":"","format":"standard","meta":{"footnotes":""},"categories":[21],"tags":[],"class_list":["post-8183","post","type-post","status-publish","format-standard","has-post-thumbnail","hentry","category-regiao"],"_links":{"self":[{"href":"https:\/\/diarionews.com.br\/index.php?rest_route=\/wp\/v2\/posts\/8183","targetHints":{"allow":["GET"]}}],"collection":[{"href":"https:\/\/diarionews.com.br\/index.php?rest_route=\/wp\/v2\/posts"}],"about":[{"href":"https:\/\/diarionews.com.br\/index.php?rest_route=\/wp\/v2\/types\/post"}],"author":[{"embeddable":true,"href":"https:\/\/diarionews.com.br\/index.php?rest_route=\/wp\/v2\/users\/1"}],"replies":[{"embeddable":true,"href":"https:\/\/diarionews.com.br\/index.php?rest_route=%2Fwp%2Fv2%2Fcomments&post=8183"}],"version-history":[{"count":1,"href":"https:\/\/diarionews.com.br\/index.php?rest_route=\/wp\/v2\/posts\/8183\/revisions"}],"predecessor-version":[{"id":8184,"href":"https:\/\/diarionews.com.br\/index.php?rest_route=\/wp\/v2\/posts\/8183\/revisions\/8184"}],"wp:featuredmedia":[{"embeddable":true,"href":"https:\/\/diarionews.com.br\/index.php?rest_route=\/wp\/v2\/media\/6759"}],"wp:attachment":[{"href":"https:\/\/diarionews.com.br\/index.php?rest_route=%2Fwp%2Fv2%2Fmedia&parent=8183"}],"wp:term":[{"taxonomy":"category","embeddable":true,"href":"https:\/\/diarionews.com.br\/index.php?rest_route=%2Fwp%2Fv2%2Fcategories&post=8183"},{"taxonomy":"post_tag","embeddable":true,"href":"https:\/\/diarionews.com.br\/index.php?rest_route=%2Fwp%2Fv2%2Ftags&post=8183"}],"curies":[{"name":"wp","href":"https:\/\/api.w.org\/{rel}","templated":true}]}}