{"id":8177,"date":"2026-04-25T10:29:28","date_gmt":"2026-04-25T14:29:28","guid":{"rendered":"https:\/\/diarionews.com.br\/?p=8177"},"modified":"2026-04-25T10:29:30","modified_gmt":"2026-04-25T14:29:30","slug":"idoso-reage-a-invasao-e-fere-suspeito-durante-tentativa-de-roubo","status":"publish","type":"post","link":"https:\/\/diarionews.com.br\/?p=8177","title":{"rendered":"Idoso reage a invas\u00e3o e fere suspeito durante tentativa de roubo"},"content":{"rendered":"\n<p>Uma ocorr\u00eancia de roubo mobilizou a Pol\u00edcia Militar na manh\u00e3 do dia 24 de abril de 2026, por volta das 8h40, no bairro Bom Jesus, em Alta Floresta. A equipe foi acionada via Centro Integrado de Opera\u00e7\u00f5es de Seguran\u00e7a P\u00fablica (COPOM) para atender a den\u00fancia em uma resid\u00eancia da regi\u00e3o.<\/p>\n\n\n\n<p>No local, a v\u00edtima, um homem de 58 anos, relatou que por volta das 2h da madrugada estava deitada em sua cama quando um indiv\u00edduo invadiu o im\u00f3vel. Segundo o relato, o suspeito tentou subtrair um rel\u00f3gio e uma bicicleta que estavam na resid\u00eancia.<\/p>\n\n\n\n<p>Diante da situa\u00e7\u00e3o, o morador afirmou que reagiu para se defender utilizando uma arma branca, do tipo faca, e acredita ter atingido o invasor durante o confronto. Ap\u00f3s a a\u00e7\u00e3o, o suspeito fugiu do local tomando rumo ignorado, sem conseguir levar nenhum dos objetos.<\/p>\n\n\n\n<p>Durante a averigua\u00e7\u00e3o, a guarni\u00e7\u00e3o constatou a presen\u00e7a de manchas semelhantes a sangue no interior do quarto. A v\u00edtima n\u00e3o apresentava ferimentos aparentes, embora os policiais tenham observado sinais de poss\u00edvel embriaguez. O boletim de ocorr\u00eancia foi registrado e encaminhado de forma online \u00e0 Delegacia de Pol\u00edcia Civil de Alta Floresta para as provid\u00eancias cab\u00edveis.<\/p>\n","protected":false},"excerpt":{"rendered":"<p>Uma ocorr\u00eancia de roubo mobilizou a Pol\u00edcia Militar na manh\u00e3 do dia 24 de abril de 2026, por volta das 8h40, no bairro Bom Jesus, em Alta Floresta. A equipe foi acionada via Centro Integrado de Opera\u00e7\u00f5es de Seguran\u00e7a P\u00fablica (COPOM) para atender a den\u00fancia em uma resid\u00eancia da regi\u00e3o. No local, a v\u00edtima, um [&hellip;]<\/p>\n","protected":false},"author":1,"featured_media":8178,"comment_status":"open","ping_status":"open","sticky":false,"template":"","format":"standard","meta":{"footnotes":""},"categories":[14],"tags":[956],"class_list":["post-8177","post","type-post","status-publish","format-standard","has-post-thumbnail","hentry","category-policia","tag-importante"],"_links":{"self":[{"href":"https:\/\/diarionews.com.br\/index.php?rest_route=\/wp\/v2\/posts\/8177","targetHints":{"allow":["GET"]}}],"collection":[{"href":"https:\/\/diarionews.com.br\/index.php?rest_route=\/wp\/v2\/posts"}],"about":[{"href":"https:\/\/diarionews.com.br\/index.php?rest_route=\/wp\/v2\/types\/post"}],"author":[{"embeddable":true,"href":"https:\/\/diarionews.com.br\/index.php?rest_route=\/wp\/v2\/users\/1"}],"replies":[{"embeddable":true,"href":"https:\/\/diarionews.com.br\/index.php?rest_route=%2Fwp%2Fv2%2Fcomments&post=8177"}],"version-history":[{"count":1,"href":"https:\/\/diarionews.com.br\/index.php?rest_route=\/wp\/v2\/posts\/8177\/revisions"}],"predecessor-version":[{"id":8179,"href":"https:\/\/diarionews.com.br\/index.php?rest_route=\/wp\/v2\/posts\/8177\/revisions\/8179"}],"wp:featuredmedia":[{"embeddable":true,"href":"https:\/\/diarionews.com.br\/index.php?rest_route=\/wp\/v2\/media\/8178"}],"wp:attachment":[{"href":"https:\/\/diarionews.com.br\/index.php?rest_route=%2Fwp%2Fv2%2Fmedia&parent=8177"}],"wp:term":[{"taxonomy":"category","embeddable":true,"href":"https:\/\/diarionews.com.br\/index.php?rest_route=%2Fwp%2Fv2%2Fcategories&post=8177"},{"taxonomy":"post_tag","embeddable":true,"href":"https:\/\/diarionews.com.br\/index.php?rest_route=%2Fwp%2Fv2%2Ftags&post=8177"}],"curies":[{"name":"wp","href":"https:\/\/api.w.org\/{rel}","templated":true}]}}