{"id":8171,"date":"2026-04-24T08:56:00","date_gmt":"2026-04-24T12:56:00","guid":{"rendered":"https:\/\/diarionews.com.br\/?p=8171"},"modified":"2026-04-24T16:58:50","modified_gmt":"2026-04-24T20:58:50","slug":"patinete-explode-dentro-de-apartamento-e-assusta-familia-em-maceio","status":"publish","type":"post","link":"https:\/\/diarionews.com.br\/?p=8171","title":{"rendered":"Patinete explode dentro de apartamento e assusta fam\u00edlia em Macei\u00f3"},"content":{"rendered":"\n<p>Um patinete el\u00e9trico explodiu dentro de um apartamento na quinta-feira, 23 de abril de 2026, no bairro Mangabeiras, em Macei\u00f3. Um v\u00eddeo registrou o momento da explos\u00e3o, que ocorreu enquanto o equipamento estava parado dentro da resid\u00eancia, causando susto aos moradores.<\/p>\n\n\n\n<p>O dono do patinete, o fot\u00f3grafo Igor Couto, de 32 anos, relatou que o aparelho n\u00e3o estava em uso h\u00e1 quatro dias e tamb\u00e9m n\u00e3o estava conectado \u00e0 tomada no momento do incidente. Segundo ele, o equipamento permanecia na sala do apartamento quando ocorreu a explos\u00e3o, sem qualquer sinal pr\u00e9vio de problema.<\/p>\n\n\n\n<p>Igor afirmou que ficou bastante assustado com a situa\u00e7\u00e3o, principalmente porque sua esposa est\u00e1 gr\u00e1vida de quatro meses e o casal possui duas cachorras. O patinete havia sido adquirido no fim de mar\u00e7o e come\u00e7ou a ser utilizado no dia 2 de abril, servindo como meio de transporte para o trabalho do fot\u00f3grafo na orla de Macei\u00f3, onde realiza fotos e v\u00eddeos de pessoas em atividades ao ar livre.<\/p>\n\n\n\n<p>De acordo com o relato, o equipamento foi usado diariamente at\u00e9 o dia 19 de abril. Ap\u00f3s adoecer, o propriet\u00e1rio deixou o patinete parado em casa. Ele informou ainda que chegou a carregar o aparelho na segunda-feira anterior ao ocorrido, retirando-o da tomada assim que a carga foi conclu\u00edda. \u201cEle n\u00e3o estava na tomada, n\u00e3o estava carregando, n\u00e3o estava em uso. Estava simplesmente parado\u201d, afirmou.<\/p>\n","protected":false},"excerpt":{"rendered":"<p>Um patinete el\u00e9trico explodiu dentro de um apartamento na quinta-feira, 23 de abril de 2026, no bairro Mangabeiras, em Macei\u00f3. Um v\u00eddeo registrou o momento da explos\u00e3o, que ocorreu enquanto o equipamento estava parado dentro da resid\u00eancia, causando susto aos moradores. O dono do patinete, o fot\u00f3grafo Igor Couto, de 32 anos, relatou que o [&hellip;]<\/p>\n","protected":false},"author":1,"featured_media":8172,"comment_status":"open","ping_status":"open","sticky":false,"template":"","format":"standard","meta":{"footnotes":""},"categories":[12],"tags":[956],"class_list":["post-8171","post","type-post","status-publish","format-standard","has-post-thumbnail","hentry","category-nacionais","tag-importante"],"_links":{"self":[{"href":"https:\/\/diarionews.com.br\/index.php?rest_route=\/wp\/v2\/posts\/8171","targetHints":{"allow":["GET"]}}],"collection":[{"href":"https:\/\/diarionews.com.br\/index.php?rest_route=\/wp\/v2\/posts"}],"about":[{"href":"https:\/\/diarionews.com.br\/index.php?rest_route=\/wp\/v2\/types\/post"}],"author":[{"embeddable":true,"href":"https:\/\/diarionews.com.br\/index.php?rest_route=\/wp\/v2\/users\/1"}],"replies":[{"embeddable":true,"href":"https:\/\/diarionews.com.br\/index.php?rest_route=%2Fwp%2Fv2%2Fcomments&post=8171"}],"version-history":[{"count":1,"href":"https:\/\/diarionews.com.br\/index.php?rest_route=\/wp\/v2\/posts\/8171\/revisions"}],"predecessor-version":[{"id":8173,"href":"https:\/\/diarionews.com.br\/index.php?rest_route=\/wp\/v2\/posts\/8171\/revisions\/8173"}],"wp:featuredmedia":[{"embeddable":true,"href":"https:\/\/diarionews.com.br\/index.php?rest_route=\/wp\/v2\/media\/8172"}],"wp:attachment":[{"href":"https:\/\/diarionews.com.br\/index.php?rest_route=%2Fwp%2Fv2%2Fmedia&parent=8171"}],"wp:term":[{"taxonomy":"category","embeddable":true,"href":"https:\/\/diarionews.com.br\/index.php?rest_route=%2Fwp%2Fv2%2Fcategories&post=8171"},{"taxonomy":"post_tag","embeddable":true,"href":"https:\/\/diarionews.com.br\/index.php?rest_route=%2Fwp%2Fv2%2Ftags&post=8171"}],"curies":[{"name":"wp","href":"https:\/\/api.w.org\/{rel}","templated":true}]}}