{"id":8165,"date":"2026-04-25T06:48:00","date_gmt":"2026-04-25T10:48:00","guid":{"rendered":"https:\/\/diarionews.com.br\/?p=8165"},"modified":"2026-04-24T16:50:35","modified_gmt":"2026-04-24T20:50:35","slug":"eua-retomam-injecao-letal-e-avaliam-fuzilamento-para-execucoes","status":"publish","type":"post","link":"https:\/\/diarionews.com.br\/?p=8165","title":{"rendered":"EUA retomam inje\u00e7\u00e3o letal e avaliam fuzilamento para execu\u00e7\u00f5es"},"content":{"rendered":"\n<p>O governo do presidente Donald Trump anunciou uma mudan\u00e7a significativa na pol\u00edtica de pena de morte nos Estados Unidos. Nesta sexta-feira (24), o Departamento de Justi\u00e7a informou que voltar\u00e1 a adotar a inje\u00e7\u00e3o letal como m\u00e9todo principal de execu\u00e7\u00e3o em n\u00edvel federal, al\u00e9m de estudar a inclus\u00e3o de pr\u00e1ticas como o fuzilamento.<\/p>\n\n\n\n<p>A decis\u00e3o faz parte de um novo protocolo que busca \u201cfortalecer\u201d a aplica\u00e7\u00e3o da pena capital no pa\u00eds. Segundo o governo, a medida retoma diretrizes j\u00e1 utilizadas durante o primeiro mandato de Trump, incluindo o uso de subst\u00e2ncias como o pentobarbital nas execu\u00e7\u00f5es. <\/p>\n\n\n\n<p>Al\u00e9m da inje\u00e7\u00e3o letal, o Departamento de Justi\u00e7a indicou que pretende ampliar os m\u00e9todos dispon\u00edveis, incluindo pelot\u00e3o de fuzilamento, eletrocuss\u00e3o e at\u00e9 asfixia com g\u00e1s. A justificativa apresentada envolve, entre outros fatores, a dificuldade na obten\u00e7\u00e3o de medicamentos usados nas execu\u00e7\u00f5es e a inten\u00e7\u00e3o de tornar o processo mais \u00e1gil. <\/p>\n\n\n\n<p>A mudan\u00e7a tamb\u00e9m representa uma revers\u00e3o da pol\u00edtica adotada pelo governo anterior, que havia suspendido execu\u00e7\u00f5es federais. Desde o retorno de Trump \u00e0 Casa Branca, a estrat\u00e9gia tem sido ampliar o uso da pena de morte e acelerar os processos judiciais relacionados a esses casos.<\/p>\n\n\n\n<p><\/p>\n","protected":false},"excerpt":{"rendered":"<p>O governo do presidente Donald Trump anunciou uma mudan\u00e7a significativa na pol\u00edtica de pena de morte nos Estados Unidos. Nesta sexta-feira (24), o Departamento de Justi\u00e7a informou que voltar\u00e1 a adotar a inje\u00e7\u00e3o letal como m\u00e9todo principal de execu\u00e7\u00e3o em n\u00edvel federal, al\u00e9m de estudar a inclus\u00e3o de pr\u00e1ticas como o fuzilamento. A decis\u00e3o faz [&hellip;]<\/p>\n","protected":false},"author":1,"featured_media":8166,"comment_status":"open","ping_status":"open","sticky":false,"template":"","format":"standard","meta":{"footnotes":""},"categories":[11],"tags":[956],"class_list":["post-8165","post","type-post","status-publish","format-standard","has-post-thumbnail","hentry","category-mundo","tag-importante"],"_links":{"self":[{"href":"https:\/\/diarionews.com.br\/index.php?rest_route=\/wp\/v2\/posts\/8165","targetHints":{"allow":["GET"]}}],"collection":[{"href":"https:\/\/diarionews.com.br\/index.php?rest_route=\/wp\/v2\/posts"}],"about":[{"href":"https:\/\/diarionews.com.br\/index.php?rest_route=\/wp\/v2\/types\/post"}],"author":[{"embeddable":true,"href":"https:\/\/diarionews.com.br\/index.php?rest_route=\/wp\/v2\/users\/1"}],"replies":[{"embeddable":true,"href":"https:\/\/diarionews.com.br\/index.php?rest_route=%2Fwp%2Fv2%2Fcomments&post=8165"}],"version-history":[{"count":1,"href":"https:\/\/diarionews.com.br\/index.php?rest_route=\/wp\/v2\/posts\/8165\/revisions"}],"predecessor-version":[{"id":8167,"href":"https:\/\/diarionews.com.br\/index.php?rest_route=\/wp\/v2\/posts\/8165\/revisions\/8167"}],"wp:featuredmedia":[{"embeddable":true,"href":"https:\/\/diarionews.com.br\/index.php?rest_route=\/wp\/v2\/media\/8166"}],"wp:attachment":[{"href":"https:\/\/diarionews.com.br\/index.php?rest_route=%2Fwp%2Fv2%2Fmedia&parent=8165"}],"wp:term":[{"taxonomy":"category","embeddable":true,"href":"https:\/\/diarionews.com.br\/index.php?rest_route=%2Fwp%2Fv2%2Fcategories&post=8165"},{"taxonomy":"post_tag","embeddable":true,"href":"https:\/\/diarionews.com.br\/index.php?rest_route=%2Fwp%2Fv2%2Ftags&post=8165"}],"curies":[{"name":"wp","href":"https:\/\/api.w.org\/{rel}","templated":true}]}}