{"id":7275,"date":"2026-04-11T09:13:00","date_gmt":"2026-04-11T13:13:00","guid":{"rendered":"https:\/\/diarionews.com.br\/?p=7275"},"modified":"2026-04-17T18:00:50","modified_gmt":"2026-04-17T22:00:50","slug":"camara-de-alta-floresta-derruba-veto-do-executivo-e-garante-criacao-do-centro-de-zoonoses-e-protecao-animal","status":"publish","type":"post","link":"https:\/\/diarionews.com.br\/?p=7275","title":{"rendered":"C\u00e2mara de Alta Floresta derruba veto do Executivo e garante cria\u00e7\u00e3o do Centro de Zoonoses e prote\u00e7\u00e3o animal"},"content":{"rendered":"\n<p>Em uma demonstra\u00e7\u00e3o de independ\u00eancia e fiscaliza\u00e7\u00e3o, o plen\u00e1rio da C\u00e2mara Municipal de Alta Floresta decidiu, durante a 10\u00aa Sess\u00e3o Ordin\u00e1ria, pela rejei\u00e7\u00e3o total do Veto n\u00ba 002\/2026, imposto pelo Poder Executivo. A decis\u00e3o mant\u00e9m vivo o Projeto de Lei n\u00ba 058\/2025, de iniciativa do Legislativo, que visa estruturar pol\u00edticas p\u00fablicas voltadas \u00e0 sa\u00fade p\u00fablica e ao bem-estar animal no munic\u00edpio.<\/p>\n\n\n\n<p><strong>O Projeto e o Conflito com o Executivo<\/strong><\/p>\n\n\n\n<p>O projeto vetado pelo prefeito propunha a institui\u00e7\u00e3o do Centro Municipal de Controle de Zoonoses e a cria\u00e7\u00e3o do Servi\u00e7o de Acolhimento e Ado\u00e7\u00e3o Municipal de Animais Dom\u00e9sticos. A proposta legislativa busca n\u00e3o apenas o controle de doen\u00e7as transmitidas por animais, mas tamb\u00e9m estabelece diretrizes rigorosas para a prote\u00e7\u00e3o e o bem-estar animal em Alta Floresta.<\/p>\n\n\n\n<p>Embora as raz\u00f5es detalhadas do veto n\u00e3o tenham sido lidas integralmente no plen\u00e1rio, o clima da sess\u00e3o foi de forte oposi\u00e7\u00e3o \u00e0s decis\u00f5es da prefeitura. O vereador Adelson da Silva Rezende, ao comentar sobre a postura do Executivo em vetar outras iniciativas de interesse social, classificou tais atos como uma &#8220;injusti\u00e7a&#8221; contra a sociedade e os servidores.<\/p>\n\n\n\n<p><strong>Vota\u00e7\u00e3o e Rejei\u00e7\u00e3o Expressiva<\/strong><\/p>\n\n\n\n<p>A derrubada do veto foi consolidada pelos votos dos vereadores: Naldo da Pista, Leonice Klaus, Chic\u00e3o, Claudinei de Jesus, Marcos Menim, Dida Pires, Luciano Silva, Darlan Carvalho, Professor Nilson e Adelson Rezende.<\/p>\n\n\n\n<p><\/p>\n\n\n\n<p>Com a derrubada do veto, o Projeto de Lei n\u00ba 058\/2025 deve seguir para promulga\u00e7\u00e3o, garantindo que o munic\u00edpio tenha, por lei, a obriga\u00e7\u00e3o de estruturar o controle de zoonoses e o acolhimento de animais dom\u00e9sticos.<\/p>\n","protected":false},"excerpt":{"rendered":"<p>Em uma demonstra\u00e7\u00e3o de independ\u00eancia e fiscaliza\u00e7\u00e3o, o plen\u00e1rio da C\u00e2mara Municipal de Alta Floresta decidiu, durante a 10\u00aa Sess\u00e3o Ordin\u00e1ria, pela rejei\u00e7\u00e3o total do Veto n\u00ba 002\/2026, imposto pelo Poder Executivo. A decis\u00e3o mant\u00e9m vivo o Projeto de Lei n\u00ba 058\/2025, de iniciativa do Legislativo, que visa estruturar pol\u00edticas p\u00fablicas voltadas \u00e0 sa\u00fade p\u00fablica [&hellip;]<\/p>\n","protected":false},"author":1,"featured_media":4824,"comment_status":"open","ping_status":"open","sticky":false,"template":"","format":"standard","meta":{"footnotes":""},"categories":[19],"tags":[89,956],"class_list":["post-7275","post","type-post","status-publish","format-standard","has-post-thumbnail","hentry","category-politica","tag-altafloresta","tag-importante"],"_links":{"self":[{"href":"https:\/\/diarionews.com.br\/index.php?rest_route=\/wp\/v2\/posts\/7275","targetHints":{"allow":["GET"]}}],"collection":[{"href":"https:\/\/diarionews.com.br\/index.php?rest_route=\/wp\/v2\/posts"}],"about":[{"href":"https:\/\/diarionews.com.br\/index.php?rest_route=\/wp\/v2\/types\/post"}],"author":[{"embeddable":true,"href":"https:\/\/diarionews.com.br\/index.php?rest_route=\/wp\/v2\/users\/1"}],"replies":[{"embeddable":true,"href":"https:\/\/diarionews.com.br\/index.php?rest_route=%2Fwp%2Fv2%2Fcomments&post=7275"}],"version-history":[{"count":1,"href":"https:\/\/diarionews.com.br\/index.php?rest_route=\/wp\/v2\/posts\/7275\/revisions"}],"predecessor-version":[{"id":7276,"href":"https:\/\/diarionews.com.br\/index.php?rest_route=\/wp\/v2\/posts\/7275\/revisions\/7276"}],"wp:featuredmedia":[{"embeddable":true,"href":"https:\/\/diarionews.com.br\/index.php?rest_route=\/wp\/v2\/media\/4824"}],"wp:attachment":[{"href":"https:\/\/diarionews.com.br\/index.php?rest_route=%2Fwp%2Fv2%2Fmedia&parent=7275"}],"wp:term":[{"taxonomy":"category","embeddable":true,"href":"https:\/\/diarionews.com.br\/index.php?rest_route=%2Fwp%2Fv2%2Fcategories&post=7275"},{"taxonomy":"post_tag","embeddable":true,"href":"https:\/\/diarionews.com.br\/index.php?rest_route=%2Fwp%2Fv2%2Ftags&post=7275"}],"curies":[{"name":"wp","href":"https:\/\/api.w.org\/{rel}","templated":true}]}}