{"id":7265,"date":"2026-04-12T12:05:00","date_gmt":"2026-04-12T16:05:00","guid":{"rendered":"https:\/\/diarionews.com.br\/?p=7265"},"modified":"2026-04-17T18:00:00","modified_gmt":"2026-04-17T22:00:00","slug":"vereadora-elisa-rompe-com-lideranca-do-prefeito-para-focar-em-fiscalizacao-e-cobra-posse-do-parlamento-jovem","status":"publish","type":"post","link":"https:\/\/diarionews.com.br\/?p=7265","title":{"rendered":"Vereadora Elisa rompe com lideran\u00e7a do prefeito para focar em fiscaliza\u00e7\u00e3o e cobra posse do \u201cParlamento Jovem\u201d"},"content":{"rendered":"\n<p>Durante a 10\u00aa Sess\u00e3o Ordin\u00e1ria da C\u00e2mara Municipal de Alta Floresta, a vereadora Elisa Gomes Machado proferiu um discurso marcado pela afirma\u00e7\u00e3o de sua independ\u00eancia pol\u00edtica e pela presta\u00e7\u00e3o de contas de investimentos significativos na sa\u00fade p\u00fablica. A parlamentar anunciou sua sa\u00edda da lideran\u00e7a do prefeito Chico Gamba, justificando a decis\u00e3o pela necessidade de ter mais tempo para exercer sua fun\u00e7\u00e3o primordial de legislar e fiscalizar o Executivo.<\/p>\n\n\n\n<p><strong>Sa\u00fade: Investimentos em S\u00e3o Jos\u00e9 Oper\u00e1rio e CAPS<\/strong><\/p>\n\n\n\n<p>Representante da comunidade S\u00e3o Jos\u00e9 Oper\u00e1rio, Elisa detalhou a aplica\u00e7\u00e3o de suas emendas impositivas para sanar problemas hist\u00f3ricos da regi\u00e3o. A vereadora destinou R$ 100 mil para o aluguel de uma sede provis\u00f3ria, garantindo que o atendimento aos pacientes n\u00e3o seja interrompido enquanto a nova Unidade B\u00e1sica de Sa\u00fade (UBS) \u00e9 constru\u00edda. Al\u00e9m disso, repassou cerca de R$ 90 mil para a compra de mobili\u00e1rio e adequa\u00e7\u00e3o do novo espa\u00e7o do CAPS, visando oferecer dignidade tanto aos servidores quanto aos pacientes assistidos.<\/p>\n\n\n\n<p>Essa preocupa\u00e7\u00e3o com a infraestrutura de sa\u00fade foi ecoada por outros parlamentares. A vereadora <strong>Leonice Klaus<\/strong>, por exemplo, refor\u00e7ou a urg\u00eancia de melhorias ao denunciar a precariedade da unidade PAN, onde encontrou len\u00e7\u00f3is sujos e falta de profissionais de limpeza. Elisa enfatizou que o CAPS, em particular, deve ser um local de acolhimento humanizado, citando o legado de cuidado do Dr. Duarte na institui\u00e7\u00e3o.<\/p>\n\n\n\n<p><strong>Cobran\u00e7a Incisiva: Ultimato para o Parlamento Jovem<\/strong><\/p>\n\n\n\n<p>Autora do projeto que criou o Parlamento Jovem, Elisa utilizou a tribuna para cobrar a Mesa Diretora sobre o atraso na posse dos jovens eleitos. Segundo a parlamentar, o projeto j\u00e1 cumpriu todos os tr\u00e2mites legais e tem pareceres favor\u00e1veis, mas a posse, prevista para mar\u00e7o, ainda n\u00e3o ocorreu.<\/p>\n\n\n\n<p>&#8220;A Mesa Diretora tem duas op\u00e7\u00f5es: ou ela d\u00e1 posse ou ela revoga&#8221;, declarou Elisa, estabelecendo um prazo de 10 dias para uma resposta oficial.<\/p>\n\n\n\n<p>Em resposta direta durante a sess\u00e3o, o presidente da Casa, Francisco Ailton, assegurou que o Legislativo n\u00e3o \u00e9 contr\u00e1rio ao projeto e que a demora ocorreu apenas para sanar d\u00favidas de alguns vereadores, garantindo que os jovens ser\u00e3o empossados em breve.<\/p>\n\n\n\n<p><strong>Direitos Trabalhistas e Justi\u00e7a Tribut\u00e1ria<\/strong><\/p>\n\n\n\n<p>A vereadora tamb\u00e9m destacou sua gest\u00e3o junto ao prefeito para o envio de um projeto de lei que garanta o adicional de insalubridade em grau m\u00e1ximo para os coletores de lixo do munic\u00edpio. No campo tribut\u00e1rio, apresentou a Indica\u00e7\u00e3o n\u00ba 145\/2026, que prop\u00f5e a revis\u00e3o das taxas de licenciamento ambiental. Elisa argumenta que a legisla\u00e7\u00e3o atual \u00e9 injusta ao cobrar o mesmo valor de edifica\u00e7\u00f5es de tamanhos drasticamente diferentes, como galp\u00f5es de 2.000 m\u00b2 e 10.000 m\u00b2.<\/p>\n\n\n\n<p><strong>Uni\u00e3o contra Abusos na Educa\u00e7\u00e3o<\/strong><\/p>\n\n\n\n<p>Acompanhando o coro de vereadores como Dida, Luciano e Darlan, Elisa manifestou total apoio ao Conselho Municipal de Educa\u00e7\u00e3o (CME) diante das den\u00fancias de interfer\u00eancia e abuso de poder por parte da Secretaria de Educa\u00e7\u00e3o. Ela relembrou sua trajet\u00f3ria na cria\u00e7\u00e3o de conselhos municipais desde 2008, refor\u00e7ando que a autonomia desses \u00f3rg\u00e3os \u00e9 intoc\u00e1vel para o bom funcionamento do trip\u00e9 educacional.<\/p>\n\n\n\n<p>Encerrando seu pronunciamento, Elisa reiterou que sua nova postura na Casa ser\u00e1 de a\u00e7\u00e3o direta. &#8220;Chega de falar, n\u00f3s vamos agir&#8221;, concluiu, sinalizando que a fiscaliza\u00e7\u00e3o sobre os atos da prefeitura ser\u00e1 intensificada a partir de agora.<\/p>\n","protected":false},"excerpt":{"rendered":"<p>Durante a 10\u00aa Sess\u00e3o Ordin\u00e1ria da C\u00e2mara Municipal de Alta Floresta, a vereadora Elisa Gomes Machado proferiu um discurso marcado pela afirma\u00e7\u00e3o de sua independ\u00eancia pol\u00edtica e pela presta\u00e7\u00e3o de contas de investimentos significativos na sa\u00fade p\u00fablica. A parlamentar anunciou sua sa\u00edda da lideran\u00e7a do prefeito Chico Gamba, justificando a decis\u00e3o pela necessidade de ter [&hellip;]<\/p>\n","protected":false},"author":1,"featured_media":7266,"comment_status":"open","ping_status":"open","sticky":false,"template":"","format":"standard","meta":{"footnotes":""},"categories":[19],"tags":[89,956],"class_list":["post-7265","post","type-post","status-publish","format-standard","has-post-thumbnail","hentry","category-politica","tag-altafloresta","tag-importante"],"_links":{"self":[{"href":"https:\/\/diarionews.com.br\/index.php?rest_route=\/wp\/v2\/posts\/7265","targetHints":{"allow":["GET"]}}],"collection":[{"href":"https:\/\/diarionews.com.br\/index.php?rest_route=\/wp\/v2\/posts"}],"about":[{"href":"https:\/\/diarionews.com.br\/index.php?rest_route=\/wp\/v2\/types\/post"}],"author":[{"embeddable":true,"href":"https:\/\/diarionews.com.br\/index.php?rest_route=\/wp\/v2\/users\/1"}],"replies":[{"embeddable":true,"href":"https:\/\/diarionews.com.br\/index.php?rest_route=%2Fwp%2Fv2%2Fcomments&post=7265"}],"version-history":[{"count":1,"href":"https:\/\/diarionews.com.br\/index.php?rest_route=\/wp\/v2\/posts\/7265\/revisions"}],"predecessor-version":[{"id":7267,"href":"https:\/\/diarionews.com.br\/index.php?rest_route=\/wp\/v2\/posts\/7265\/revisions\/7267"}],"wp:featuredmedia":[{"embeddable":true,"href":"https:\/\/diarionews.com.br\/index.php?rest_route=\/wp\/v2\/media\/7266"}],"wp:attachment":[{"href":"https:\/\/diarionews.com.br\/index.php?rest_route=%2Fwp%2Fv2%2Fmedia&parent=7265"}],"wp:term":[{"taxonomy":"category","embeddable":true,"href":"https:\/\/diarionews.com.br\/index.php?rest_route=%2Fwp%2Fv2%2Fcategories&post=7265"},{"taxonomy":"post_tag","embeddable":true,"href":"https:\/\/diarionews.com.br\/index.php?rest_route=%2Fwp%2Fv2%2Ftags&post=7265"}],"curies":[{"name":"wp","href":"https:\/\/api.w.org\/{rel}","templated":true}]}}