{"id":7151,"date":"2026-04-09T14:59:24","date_gmt":"2026-04-09T18:59:24","guid":{"rendered":"https:\/\/diarionews.com.br\/?p=7151"},"modified":"2026-04-09T14:59:27","modified_gmt":"2026-04-09T18:59:27","slug":"motoboy-morre-em-grave-acidente-em-alta-floresta","status":"publish","type":"post","link":"https:\/\/diarionews.com.br\/?p=7151","title":{"rendered":"Motoboy morre em grave acidente em Alta Floresta"},"content":{"rendered":"\n<p>Um acidente de tr\u00e2nsito registrado na noite de quarta-feira (08) resultou na morte do jovem Paulo Gustavo, de apenas 18 anos, no munic\u00edpio de Alta Floresta. O caso chama a aten\u00e7\u00e3o para o aumento de ocorr\u00eancias graves nas vias urbanas da cidade e refor\u00e7a o alerta sobre a seguran\u00e7a no tr\u00e2nsito. <\/p>\n\n\n\n<p>Informa\u00e7\u00f5es indicam que Paulo Gustavo trabalhava em uma empresa de delivery e estaria em servi\u00e7o no momento do ocorrido.<\/p>\n\n\n\n<p>De acordo com as informa\u00e7\u00f5es apuradas, o jovem trafegava pela Avenida Ariosto da Riva, no sentido centro\u2013rodovia, quando, ao realizar uma curva, perdeu o controle do ve\u00edculo. Na sequ\u00eancia, colidiu contra o meio-fio e foi arremessado, caindo no canteiro central entre as avenidas Ariosto da Riva e Ludovico da Riva.<\/p>\n\n\n\n<p>Conforme relato do Corpo de Bombeiros, a equipe foi acionada por volta das 22h20. Ao chegar ao local, os socorristas encontraram a v\u00edtima ca\u00edda e j\u00e1 sem sinais vitais. O jovem apresentava m\u00faltiplas fraturas, al\u00e9m de hemorragia nas regi\u00f5es nasal e auricular e dilata\u00e7\u00e3o das pupilas, sinais que indicavam a gravidade do impacto sofrido.<\/p>\n\n\n\n<p>Ainda segundo o registro da ocorr\u00eancia, um bombeiro militar que estava de folga e passava pela via minutos ap\u00f3s o acidente foi o primeiro a prestar socorro. Ele realizou a retirada do capacete da v\u00edtima, cuja cinta jugular estava travada, na tentativa de liberar as vias a\u00e9reas. Apesar da a\u00e7\u00e3o r\u00e1pida, o jovem n\u00e3o reagiu.<\/p>\n\n\n\n<p>A Pol\u00edcia Militar j\u00e1 se encontrava no local, realizando o isolamento da \u00e1rea e garantindo a seguran\u00e7a at\u00e9 a chegada das demais equipes. Posteriormente, a Pol\u00edcia Civil e a Politec iniciaram os trabalhos periciais e investigativos para apurar as circunst\u00e2ncias do acidente.<\/p>\n\n\n\n<p><\/p>\n","protected":false},"excerpt":{"rendered":"<p>Um acidente de tr\u00e2nsito registrado na noite de quarta-feira (08) resultou na morte do jovem Paulo Gustavo, de apenas 18 anos, no munic\u00edpio de Alta Floresta. O caso chama a aten\u00e7\u00e3o para o aumento de ocorr\u00eancias graves nas vias urbanas da cidade e refor\u00e7a o alerta sobre a seguran\u00e7a no tr\u00e2nsito. Informa\u00e7\u00f5es indicam que Paulo [&hellip;]<\/p>\n","protected":false},"author":1,"featured_media":7152,"comment_status":"open","ping_status":"open","sticky":false,"template":"","format":"standard","meta":{"footnotes":""},"categories":[14],"tags":[89,956],"class_list":["post-7151","post","type-post","status-publish","format-standard","has-post-thumbnail","hentry","category-policia","tag-altafloresta","tag-importante"],"_links":{"self":[{"href":"https:\/\/diarionews.com.br\/index.php?rest_route=\/wp\/v2\/posts\/7151","targetHints":{"allow":["GET"]}}],"collection":[{"href":"https:\/\/diarionews.com.br\/index.php?rest_route=\/wp\/v2\/posts"}],"about":[{"href":"https:\/\/diarionews.com.br\/index.php?rest_route=\/wp\/v2\/types\/post"}],"author":[{"embeddable":true,"href":"https:\/\/diarionews.com.br\/index.php?rest_route=\/wp\/v2\/users\/1"}],"replies":[{"embeddable":true,"href":"https:\/\/diarionews.com.br\/index.php?rest_route=%2Fwp%2Fv2%2Fcomments&post=7151"}],"version-history":[{"count":1,"href":"https:\/\/diarionews.com.br\/index.php?rest_route=\/wp\/v2\/posts\/7151\/revisions"}],"predecessor-version":[{"id":7153,"href":"https:\/\/diarionews.com.br\/index.php?rest_route=\/wp\/v2\/posts\/7151\/revisions\/7153"}],"wp:featuredmedia":[{"embeddable":true,"href":"https:\/\/diarionews.com.br\/index.php?rest_route=\/wp\/v2\/media\/7152"}],"wp:attachment":[{"href":"https:\/\/diarionews.com.br\/index.php?rest_route=%2Fwp%2Fv2%2Fmedia&parent=7151"}],"wp:term":[{"taxonomy":"category","embeddable":true,"href":"https:\/\/diarionews.com.br\/index.php?rest_route=%2Fwp%2Fv2%2Fcategories&post=7151"},{"taxonomy":"post_tag","embeddable":true,"href":"https:\/\/diarionews.com.br\/index.php?rest_route=%2Fwp%2Fv2%2Ftags&post=7151"}],"curies":[{"name":"wp","href":"https:\/\/api.w.org\/{rel}","templated":true}]}}