{"id":7143,"date":"2026-04-09T06:56:06","date_gmt":"2026-04-09T10:56:06","guid":{"rendered":"https:\/\/diarionews.com.br\/?p=7143"},"modified":"2026-04-09T06:56:09","modified_gmt":"2026-04-09T10:56:09","slug":"acidentes-e-uma-morte-nao-explicada-marcam-ocorrencias-em-alta-floresta","status":"publish","type":"post","link":"https:\/\/diarionews.com.br\/?p=7143","title":{"rendered":"Acidentes e uma morte &#8220;n\u00e3o explicada&#8221; marcam ocorr\u00eancias em Alta Floresta"},"content":{"rendered":"\n<p>O relat\u00f3rio de ocorr\u00eancias do 8\u00ba Batalh\u00e3o da Pol\u00edcia Militar, referente ao dia 8 de abril de 2026, registra uma sequ\u00eancia de atendimentos no per\u00edmetro urbano de Alta Floresta, com destaque para acidentes de tr\u00e2nsito e um caso com morte. As situa\u00e7\u00f5es foram atendidas ao longo do dia, em diferentes hor\u00e1rios, mobilizando equipes policiais e o Corpo de Bombeiros Militar.<\/p>\n\n\n\n<p>No per\u00edodo da manh\u00e3, por volta das 10h, um acidente foi registrado na regi\u00e3o central, envolvendo dois ve\u00edculos. Segundo relato do condutor de um dos autom\u00f3veis, ele parou na sa\u00edda da Rua C com a Avenida Ariosto da Riva e, ao acreditar que outro ve\u00edculo j\u00e1 havia avan\u00e7ado, acelerou, provocando a colis\u00e3o. Com o impacto, a condutora do segundo ve\u00edculo caiu ao solo e precisou ser socorrida pelo Corpo de Bombeiros, sendo encaminhada ao hospital, onde permaneceu sob cuidados m\u00e9dicos.<\/p>\n\n\n\n<p>J\u00e1 no fim da tarde, \u00e0s 17h, outro acidente foi registrado na Avenida Jaime Ver\u00edssimo de Campos, no sentido centro ao aeroporto. O condutor relatou que sinalizou a convers\u00e3o para acessar a Rua Raimundo Carlos de Figueiredo, mas teve a vis\u00e3o prejudicada pelo sol e n\u00e3o percebeu a aproxima\u00e7\u00e3o de outro ve\u00edculo. A colis\u00e3o resultou no arremesso da condutora e de um passageiro, que ca\u00edram sobre o cap\u00f4 e, em seguida, ao solo. Ambos foram socorridos e encaminhados para atendimento m\u00e9dico. Ap\u00f3s o ocorrido, os ve\u00edculos foram retirados por guincho, e o condutor assumiu a responsabilidade pelos danos.<\/p>\n\n\n\n<p>\u00c0 noite, por volta das 19h, a pol\u00edcia foi acionada para atender um acidente na Avenida Ariosto da Riva com a Rua U-2, mas ao chegar ao local n\u00e3o encontrou envolvidos nem ve\u00edculos. Em dilig\u00eancia at\u00e9 a unidade de pronto atendimento, a equipe localizou uma v\u00edtima, que relatou n\u00e3o se lembrar do ocorrido. Informa\u00e7\u00f5es do Corpo de Bombeiros indicaram que testemunhas afirmaram que a v\u00edtima teria ca\u00eddo sozinha com o ve\u00edculo. Diante da aus\u00eancia de dados adicionais, o boletim foi registrado e encaminhado \u00e0 Pol\u00edcia Civil para investiga\u00e7\u00e3o.<\/p>\n\n\n\n<p>O caso mais grave ocorreu \u00e0s 23h, quando a guarni\u00e7\u00e3o foi acionada ap\u00f3s a informa\u00e7\u00e3o de uma pessoa ca\u00edda no canteiro central entre as avenidas Ariosto da Riva e Ludovico da Riva Neto, nas proximidades de um estabelecimento comercial. Ao lado do corpo havia uma motocicleta, provavelmente da v\u00edtima. No local, o Corpo de Bombeiros constatou que a v\u00edtima, um jovem de 18 anos, j\u00e1 n\u00e3o apresentava sinais vitais. A \u00e1rea foi isolada para os trabalhos da Pol\u00edcia Civil e da per\u00edcia t\u00e9cnica, enquanto a Pol\u00edcia Militar permaneceu garantindo a seguran\u00e7a e o controle do tr\u00e1fego at\u00e9 a conclus\u00e3o dos procedimentos.<\/p>\n","protected":false},"excerpt":{"rendered":"<p>O relat\u00f3rio de ocorr\u00eancias do 8\u00ba Batalh\u00e3o da Pol\u00edcia Militar, referente ao dia 8 de abril de 2026, registra uma sequ\u00eancia de atendimentos no per\u00edmetro urbano de Alta Floresta, com destaque para acidentes de tr\u00e2nsito e um caso com morte. As situa\u00e7\u00f5es foram atendidas ao longo do dia, em diferentes hor\u00e1rios, mobilizando equipes policiais e [&hellip;]<\/p>\n","protected":false},"author":3,"featured_media":7011,"comment_status":"open","ping_status":"open","sticky":false,"template":"","format":"standard","meta":{"footnotes":""},"categories":[14],"tags":[89,1733,956,865,748],"class_list":["post-7143","post","type-post","status-publish","format-standard","has-post-thumbnail","hentry","category-policia","tag-altafloresta","tag-corpo-de-bombeiros-militar","tag-importante","tag-morte-2","tag-policia-militar"],"_links":{"self":[{"href":"https:\/\/diarionews.com.br\/index.php?rest_route=\/wp\/v2\/posts\/7143","targetHints":{"allow":["GET"]}}],"collection":[{"href":"https:\/\/diarionews.com.br\/index.php?rest_route=\/wp\/v2\/posts"}],"about":[{"href":"https:\/\/diarionews.com.br\/index.php?rest_route=\/wp\/v2\/types\/post"}],"author":[{"embeddable":true,"href":"https:\/\/diarionews.com.br\/index.php?rest_route=\/wp\/v2\/users\/3"}],"replies":[{"embeddable":true,"href":"https:\/\/diarionews.com.br\/index.php?rest_route=%2Fwp%2Fv2%2Fcomments&post=7143"}],"version-history":[{"count":1,"href":"https:\/\/diarionews.com.br\/index.php?rest_route=\/wp\/v2\/posts\/7143\/revisions"}],"predecessor-version":[{"id":7144,"href":"https:\/\/diarionews.com.br\/index.php?rest_route=\/wp\/v2\/posts\/7143\/revisions\/7144"}],"wp:featuredmedia":[{"embeddable":true,"href":"https:\/\/diarionews.com.br\/index.php?rest_route=\/wp\/v2\/media\/7011"}],"wp:attachment":[{"href":"https:\/\/diarionews.com.br\/index.php?rest_route=%2Fwp%2Fv2%2Fmedia&parent=7143"}],"wp:term":[{"taxonomy":"category","embeddable":true,"href":"https:\/\/diarionews.com.br\/index.php?rest_route=%2Fwp%2Fv2%2Fcategories&post=7143"},{"taxonomy":"post_tag","embeddable":true,"href":"https:\/\/diarionews.com.br\/index.php?rest_route=%2Fwp%2Fv2%2Ftags&post=7143"}],"curies":[{"name":"wp","href":"https:\/\/api.w.org\/{rel}","templated":true}]}}