{"id":7138,"date":"2026-04-09T06:42:50","date_gmt":"2026-04-09T10:42:50","guid":{"rendered":"https:\/\/diarionews.com.br\/?p=7138"},"modified":"2026-04-09T06:42:51","modified_gmt":"2026-04-09T10:42:51","slug":"palmeiras-reage-com-sosa-e-estreia-com-empate-na-libertadores","status":"publish","type":"post","link":"https:\/\/diarionews.com.br\/?p=7138","title":{"rendered":"Palmeiras reage com Sosa e estreia com empate na Libertadores"},"content":{"rendered":"\n<p>O Palmeiras iniciou sua campanha na Copa Libertadores de 2026 com um empate fora de casa, em um duelo marcado por dificuldades e rea\u00e7\u00e3o no segundo tempo. A equipe enfrentou o Junior Barranquilla, na Col\u00f4mbia, e ficou no 1 a 1 ap\u00f3s sair atr\u00e1s ainda nos primeiros minutos, em um cen\u00e1rio que exigiu adapta\u00e7\u00e3o ao longo da partida.<\/p>\n\n\n\n<p>O in\u00edcio do jogo foi desfavor\u00e1vel para o time brasileiro, que viu o advers\u00e1rio abrir o placar em cobran\u00e7a de p\u00eanalti logo nos primeiros minutos. Al\u00e9m da desvantagem no marcador, o Palmeiras encontrou dificuldades para impor seu estilo de jogo, especialmente por conta das condi\u00e7\u00f5es do gramado e da pouca criatividade ofensiva durante a primeira etapa. <\/p>\n\n\n\n<p>Na volta do intervalo, a equipe apresentou melhora significativa, impulsionada pelas mudan\u00e7as promovidas pelo t\u00e9cnico. A principal delas foi a entrada de Ram\u00f3n Sosa, que mudou a din\u00e2mica do ataque. O jogador aproveitou uma jogada constru\u00edda ap\u00f3s lan\u00e7amento e desvio na \u00e1rea para marcar o gol de empate, garantindo o primeiro ponto do clube na competi\u00e7\u00e3o. <\/p>\n\n\n\n<p>Com o gol, o Palmeiras passou a controlar mais as a\u00e7\u00f5es e pressionar o advers\u00e1rio em busca da virada, criando novas oportunidades at\u00e9 o fim da partida. Apesar do volume ofensivo maior na etapa final, o time n\u00e3o conseguiu converter as chances e o placar permaneceu igualado at\u00e9 o apito final.<\/p>\n\n\n\n<p><\/p>\n","protected":false},"excerpt":{"rendered":"<p>O Palmeiras iniciou sua campanha na Copa Libertadores de 2026 com um empate fora de casa, em um duelo marcado por dificuldades e rea\u00e7\u00e3o no segundo tempo. A equipe enfrentou o Junior Barranquilla, na Col\u00f4mbia, e ficou no 1 a 1 ap\u00f3s sair atr\u00e1s ainda nos primeiros minutos, em um cen\u00e1rio que exigiu adapta\u00e7\u00e3o ao [&hellip;]<\/p>\n","protected":false},"author":3,"featured_media":7139,"comment_status":"open","ping_status":"open","sticky":false,"template":"","format":"standard","meta":{"footnotes":""},"categories":[13],"tags":[1727,956,1728,485,1729],"class_list":["post-7138","post","type-post","status-publish","format-standard","has-post-thumbnail","hentry","category-esportes","tag-copa-libertadores-de-2026-com","tag-importante","tag-junior-barranquilla","tag-palmeiras","tag-ramon-sosa"],"_links":{"self":[{"href":"https:\/\/diarionews.com.br\/index.php?rest_route=\/wp\/v2\/posts\/7138","targetHints":{"allow":["GET"]}}],"collection":[{"href":"https:\/\/diarionews.com.br\/index.php?rest_route=\/wp\/v2\/posts"}],"about":[{"href":"https:\/\/diarionews.com.br\/index.php?rest_route=\/wp\/v2\/types\/post"}],"author":[{"embeddable":true,"href":"https:\/\/diarionews.com.br\/index.php?rest_route=\/wp\/v2\/users\/3"}],"replies":[{"embeddable":true,"href":"https:\/\/diarionews.com.br\/index.php?rest_route=%2Fwp%2Fv2%2Fcomments&post=7138"}],"version-history":[{"count":1,"href":"https:\/\/diarionews.com.br\/index.php?rest_route=\/wp\/v2\/posts\/7138\/revisions"}],"predecessor-version":[{"id":7140,"href":"https:\/\/diarionews.com.br\/index.php?rest_route=\/wp\/v2\/posts\/7138\/revisions\/7140"}],"wp:featuredmedia":[{"embeddable":true,"href":"https:\/\/diarionews.com.br\/index.php?rest_route=\/wp\/v2\/media\/7139"}],"wp:attachment":[{"href":"https:\/\/diarionews.com.br\/index.php?rest_route=%2Fwp%2Fv2%2Fmedia&parent=7138"}],"wp:term":[{"taxonomy":"category","embeddable":true,"href":"https:\/\/diarionews.com.br\/index.php?rest_route=%2Fwp%2Fv2%2Fcategories&post=7138"},{"taxonomy":"post_tag","embeddable":true,"href":"https:\/\/diarionews.com.br\/index.php?rest_route=%2Fwp%2Fv2%2Ftags&post=7138"}],"curies":[{"name":"wp","href":"https:\/\/api.w.org\/{rel}","templated":true}]}}