{"id":6540,"date":"2026-04-01T06:25:37","date_gmt":"2026-04-01T10:25:37","guid":{"rendered":"https:\/\/diarionews.com.br\/?p=6540"},"modified":"2026-04-01T14:31:18","modified_gmt":"2026-04-01T18:31:18","slug":"suspeito-e-detido-em-alta-floresta-por-maus-tratos-e-arma-adulterada","status":"publish","type":"post","link":"https:\/\/diarionews.com.br\/?p=6540","title":{"rendered":"Suspeito \u00e9 detido em Alta Floresta por maus-tratos e arma adulterada"},"content":{"rendered":"\n<p>Uma ocorr\u00eancia registrada na noite do dia 31 de mar\u00e7o mobilizou a Pol\u00edcia Militar na Estrada do Pitoco, em Alta Floresta. O caso envolve den\u00fancias de maus-tratos a animais e posse de arma de fogo com identifica\u00e7\u00e3o adulterada, resultando na deten\u00e7\u00e3o de um homem de 62 anos.<\/p>\n\n\n<div class=\"wp-block-image\">\n<figure class=\"alignright size-large is-resized\"><img loading=\"lazy\" decoding=\"async\" width=\"768\" height=\"1024\" src=\"https:\/\/diarionews.com.br\/wp-content\/uploads\/2026\/04\/WhatsApp-Image-2026-04-01-at-07.39.17-768x1024.jpeg\" alt=\"\" class=\"wp-image-6576\" style=\"width:312px;height:auto\" srcset=\"https:\/\/diarionews.com.br\/wp-content\/uploads\/2026\/04\/WhatsApp-Image-2026-04-01-at-07.39.17-768x1024.jpeg 768w, https:\/\/diarionews.com.br\/wp-content\/uploads\/2026\/04\/WhatsApp-Image-2026-04-01-at-07.39.17-225x300.jpeg 225w, https:\/\/diarionews.com.br\/wp-content\/uploads\/2026\/04\/WhatsApp-Image-2026-04-01-at-07.39.17-315x420.jpeg 315w, https:\/\/diarionews.com.br\/wp-content\/uploads\/2026\/04\/WhatsApp-Image-2026-04-01-at-07.39.17-150x200.jpeg 150w, https:\/\/diarionews.com.br\/wp-content\/uploads\/2026\/04\/WhatsApp-Image-2026-04-01-at-07.39.17-300x400.jpeg 300w, https:\/\/diarionews.com.br\/wp-content\/uploads\/2026\/04\/WhatsApp-Image-2026-04-01-at-07.39.17-696x928.jpeg 696w, https:\/\/diarionews.com.br\/wp-content\/uploads\/2026\/04\/WhatsApp-Image-2026-04-01-at-07.39.17.jpeg 960w\" sizes=\"auto, (max-width: 768px) 100vw, 768px\" \/><\/figure><\/div>\n\n\n<p>De acordo com o relato da v\u00edtima, uma mulher de 58 anos, o suspeito, que \u00e9 seu vizinho, teria efetuado disparos contra um gato utilizando uma espingarda de press\u00e3o modificada para calibre .22. Ainda conforme a den\u00fancia, essa n\u00e3o seria a primeira vez que o homem pratica esse tipo de crime, sendo apontado que epis\u00f3dios semelhantes j\u00e1 teriam ocorrido anteriormente.<\/p>\n\n\n\n<p>Ap\u00f3s o acionamento via central de opera\u00e7\u00f5es, a guarni\u00e7\u00e3o da Pol\u00edcia Militar se deslocou at\u00e9 o endere\u00e7o da v\u00edtima e, em seguida, foi at\u00e9 a resid\u00eancia do suspeito. No local, o homem entregou voluntariamente a arma utilizada, bem como as muni\u00e7\u00f5es, sendo cinco intactas e tr\u00eas j\u00e1 deflagradas, que foram apreendidas pela equipe.<\/p>\n\n\n\n<p>Diante da situa\u00e7\u00e3o, o suspeito foi detido e conduzido, junto com a v\u00edtima, para prestar esclarecimentos \u00e0s autoridades. Todo o material recolhido foi encaminhado \u00e0 delegacia de pol\u00edcia judici\u00e1ria civil de Alta Floresta, onde o caso seguir\u00e1 para as provid\u00eancias legais cab\u00edveis.<\/p>\n","protected":false},"excerpt":{"rendered":"<p>Uma ocorr\u00eancia registrada na noite do dia 31 de mar\u00e7o mobilizou a Pol\u00edcia Militar na Estrada do Pitoco, em Alta Floresta. O caso envolve den\u00fancias de maus-tratos a animais e posse de arma de fogo com identifica\u00e7\u00e3o adulterada, resultando na deten\u00e7\u00e3o de um homem de 62 anos. De acordo com o relato da v\u00edtima, uma [&hellip;]<\/p>\n","protected":false},"author":3,"featured_media":6541,"comment_status":"open","ping_status":"open","sticky":false,"template":"","format":"standard","meta":{"footnotes":""},"categories":[14],"tags":[89,956],"class_list":["post-6540","post","type-post","status-publish","format-standard","has-post-thumbnail","hentry","category-policia","tag-altafloresta","tag-importante"],"_links":{"self":[{"href":"https:\/\/diarionews.com.br\/index.php?rest_route=\/wp\/v2\/posts\/6540","targetHints":{"allow":["GET"]}}],"collection":[{"href":"https:\/\/diarionews.com.br\/index.php?rest_route=\/wp\/v2\/posts"}],"about":[{"href":"https:\/\/diarionews.com.br\/index.php?rest_route=\/wp\/v2\/types\/post"}],"author":[{"embeddable":true,"href":"https:\/\/diarionews.com.br\/index.php?rest_route=\/wp\/v2\/users\/3"}],"replies":[{"embeddable":true,"href":"https:\/\/diarionews.com.br\/index.php?rest_route=%2Fwp%2Fv2%2Fcomments&post=6540"}],"version-history":[{"count":2,"href":"https:\/\/diarionews.com.br\/index.php?rest_route=\/wp\/v2\/posts\/6540\/revisions"}],"predecessor-version":[{"id":6577,"href":"https:\/\/diarionews.com.br\/index.php?rest_route=\/wp\/v2\/posts\/6540\/revisions\/6577"}],"wp:featuredmedia":[{"embeddable":true,"href":"https:\/\/diarionews.com.br\/index.php?rest_route=\/wp\/v2\/media\/6541"}],"wp:attachment":[{"href":"https:\/\/diarionews.com.br\/index.php?rest_route=%2Fwp%2Fv2%2Fmedia&parent=6540"}],"wp:term":[{"taxonomy":"category","embeddable":true,"href":"https:\/\/diarionews.com.br\/index.php?rest_route=%2Fwp%2Fv2%2Fcategories&post=6540"},{"taxonomy":"post_tag","embeddable":true,"href":"https:\/\/diarionews.com.br\/index.php?rest_route=%2Fwp%2Fv2%2Ftags&post=6540"}],"curies":[{"name":"wp","href":"https:\/\/api.w.org\/{rel}","templated":true}]}}